{"id":4382,"date":"2012-08-14T12:12:11","date_gmt":"2012-08-14T15:12:11","guid":{"rendered":"http:\/\/blog.cancaonova.com\/riopreto\/?p=4382"},"modified":"2012-08-14T12:13:18","modified_gmt":"2012-08-14T15:13:18","slug":"fe-e-compromisso","status":"publish","type":"post","link":"https:\/\/blog.cancaonova.com\/riopreto\/fe-e-compromisso\/","title":{"rendered":"F\u00c9 e COMPROMISSO"},"content":{"rendered":"<p><a href=\"http:\/\/blog.cancaonova.com\/riopreto\/?attachment_id=4383\" rel=\"attachment wp-att-4383\"><img loading=\"lazy\" decoding=\"async\" src=\"http:\/\/blog.cancaonova.com\/riopreto\/files\/2012\/08\/Dom-Paulo-300x235.jpg\" alt=\"\" width=\"300\" height=\"235\" class=\"alignleft size-medium wp-image-4383\" srcset=\"https:\/\/blog.cancaonova.com\/riopreto\/files\/2012\/08\/Dom-Paulo-300x235.jpg 300w, https:\/\/blog.cancaonova.com\/riopreto\/files\/2012\/08\/Dom-Paulo.jpg 500w\" sizes=\"(max-width: 300px) 100vw, 300px\" \/><\/a><\/p>\n<p>Um grande sinal<\/p>\n<p>N\u00e3o sabemos para onde apontam os sinais da realidade brasileira em momentos de campanhas eleitorais e do cen\u00e1rio de julgamento do mensal\u00e3o. Ser\u00e1 que, em tudo isto, est\u00e1 a vit\u00f3ria do povo brasileiro? Quem sair\u00e1 ganhando e, tamb\u00e9m, quem vai perder? \u00c9 a grande inc\u00f3gnita de um pa\u00eds que n\u00e3o se prima pela justi\u00e7a.<br \/>\nA Festa da Assun\u00e7\u00e3o de Maria contempla a vit\u00f3ria de Jesus Cristo sobre todos os poderes que tentam impedir a constru\u00e7\u00e3o do reino de Deus. Maria \u00e9 sinal da Igreja, daquela que tem a miss\u00e3o de conduzir o povo para a condi\u00e7\u00e3o de liberdade e de vida feliz. Isto acontece na pr\u00e1tica da fraternidade e da partilha em gesto de justi\u00e7a.<br \/>\nA f\u00e9 e o compromisso com o reino da vida s\u00e3o fundamentais. Isto \u00e9 condi\u00e7\u00e3o para que a pessoa seja sinal e aponte para o bem de forma correta. A f\u00e9 na Palavra de Deus gera compromisso e faz das pessoas disc\u00edpulas e mission\u00e1rias de uma cultura de paz. Isto sup\u00f5e dizer, nas palavras de Maria: \u201cEis a serva do Senhor\u201d (Lc 1, 38).<br \/>\nIr ao encontro do outro, como o fez Maria em rela\u00e7\u00e3o a Isabel, algo de revelador acontece. \u00c9 a generosidade, o servi\u00e7o, o querer ajudar os mais necessitados. Acaba sendo sinal da presen\u00e7a de Deus, fazendo a pessoa superar todo tipo de atitude egoc\u00eantrica, ego\u00edsta e alheia \u00e0s car\u00eancias dos marginalizados da comunidade.<br \/>\nTudo na natureza e na hist\u00f3ria est\u00e1 submetido ao poder de Deus. Mas \u00e9 uma realidade tamb\u00e9m sujeita \u00e0 a\u00e7\u00e3o do mal. O Apocalipse apresenta a figura do \u201cdrag\u00e3o\u201d que est\u00e1, a todo momento, desarticulando os planos do Criador. \u00c9 o retrato de quem sinaliza o poder destruidor, seja de autoridades ou de pessoas comuns.<\/p>\n<p>N\u00e3o podemos viver esperan\u00e7as v\u00e3s e nem uma f\u00e9 in\u00fatil, porque deixamos de ser sinal de vida para o mundo. Maria, com muitos t\u00edtulos, a M\u00e3e de Deus, foi sinal de uma nova realidade. Ela \u00e9 sinal da Igreja, com a miss\u00e3o de levar Cristo para as pessoas.<\/p>\n<p>Dom Paulo Mendes Peixoto<br \/>\nArcebispo de Uberaba.<\/p>\n","protected":false},"excerpt":{"rendered":"<p>Um grande sinal N\u00e3o sabemos para onde apontam os sinais da realidade brasileira em momentos de campanhas eleitorais e do cen\u00e1rio de julgamento do mensal\u00e3o. Ser\u00e1 que, em tudo isto, est\u00e1 a vit\u00f3ria do povo brasileiro? Quem sair\u00e1 ganhando e,&#8230;<\/p>\n","protected":false},"author":2701,"featured_media":0,"comment_status":"open","ping_status":"open","sticky":false,"template":"","format":"standard","meta":{"_mi_skip_tracking":false,"_monsterinsights_sitenote_active":false,"_monsterinsights_sitenote_note":"","_monsterinsights_sitenote_category":0,"footnotes":""},"categories":[32],"tags":[],"_links":{"self":[{"href":"https:\/\/blog.cancaonova.com\/riopreto\/wp-json\/wp\/v2\/posts\/4382"}],"collection":[{"href":"https:\/\/blog.cancaonova.com\/riopreto\/wp-json\/wp\/v2\/posts"}],"about":[{"href":"https:\/\/blog.cancaonova.com\/riopreto\/wp-json\/wp\/v2\/types\/post"}],"author":[{"embeddable":true,"href":"https:\/\/blog.cancaonova.com\/riopreto\/wp-json\/wp\/v2\/users\/2701"}],"replies":[{"embeddable":true,"href":"https:\/\/blog.cancaonova.com\/riopreto\/wp-json\/wp\/v2\/comments?post=4382"}],"version-history":[{"count":4,"href":"https:\/\/blog.cancaonova.com\/riopreto\/wp-json\/wp\/v2\/posts\/4382\/revisions"}],"predecessor-version":[{"id":4387,"href":"https:\/\/blog.cancaonova.com\/riopreto\/wp-json\/wp\/v2\/posts\/4382\/revisions\/4387"}],"wp:attachment":[{"href":"https:\/\/blog.cancaonova.com\/riopreto\/wp-json\/wp\/v2\/media?parent=4382"}],"wp:term":[{"taxonomy":"category","embeddable":true,"href":"https:\/\/blog.cancaonova.com\/riopreto\/wp-json\/wp\/v2\/categories?post=4382"},{"taxonomy":"post_tag","embeddable":true,"href":"https:\/\/blog.cancaonova.com\/riopreto\/wp-json\/wp\/v2\/tags?post=4382"}],"curies":[{"name":"wp","href":"https:\/\/api.w.org\/{rel}","templated":true}]}}