{"id":4389,"date":"2012-08-15T13:13:50","date_gmt":"2012-08-15T16:13:50","guid":{"rendered":"http:\/\/blog.cancaonova.com\/riopreto\/?p=4389"},"modified":"2012-08-15T15:13:13","modified_gmt":"2012-08-15T18:13:13","slug":"quaresma-sao-miguel-arcanjo","status":"publish","type":"post","link":"https:\/\/blog.cancaonova.com\/riopreto\/quaresma-sao-miguel-arcanjo\/","title":{"rendered":"QUARESMA S\u00c3O MIGUEL ARCANJO"},"content":{"rendered":"<p><a href=\"http:\/\/blog.cancaonova.com\/riopreto\/?attachment_id=4391\" rel=\"attachment wp-att-4391\"><img loading=\"lazy\" decoding=\"async\" src=\"http:\/\/blog.cancaonova.com\/riopreto\/files\/2012\/08\/untitled1.png\" alt=\"\" width=\"276\" height=\"183\" class=\"alignleft size-full wp-image-4391\" \/><\/a><strong><\/p>\n<p>HIST\u00d3RIA DA QUARESMA DE S\u00c3O MIGUEL <\/strong><\/p>\n<p>A quaresma de S\u00e3o Miguel Arcanjo come\u00e7ou com S\u00e3o Francisco que era devoto do Arcanjo; S\u00e3o Francisco sentia o desejo de experimentar no corpo e na alma a Paix\u00e3o de Cristo sua dor e tamb\u00e9m o imenso amor por se entregar ao imenso sofrimento por n\u00f3s.<br \/>\nNo ano de 1224, realizou a primeira quaresma de jejum e ora\u00e7\u00e3o no Monte Alverne, local deserto, distante, pr\u00f3prio para ora\u00e7\u00e3o.<br \/>\nS\u00e3o Francisco disse: \u201cPara honra de Deus, da bem-aventurada Virgem Maria e de S\u00e3o Miguel Arcanjo, pr\u00edncipe dos anjos e das almas, quero fazer aqui uma quaresma\u201d.<\/p>\n<p>No dia 17 de setembro, durante a quaresma, enquanto estava em ora\u00e7\u00e3o, teve a vis\u00e3o de um serafim, o qual logo se aproximou,<br \/>\neste tinha seis asas de fogo, e tamb\u00e9m estava crucificado,<br \/>\nm\u00e3os e p\u00e9s estendidos e amarrados numa cruz.<br \/>\nDuas asas elevavam-se por cima de sua cabe\u00e7a, duas outras estavam abertas para o v\u00f4o, as duas \u00faltimas cobriam-lhe o corpo.<br \/>\nE atrav\u00e9s desta vis\u00e3o Francisco pode compreender melhor o verdadeiro sentido da Paix\u00e3o.<br \/>\nQuando chegou a Festa em honra a S\u00e3o Miguel Arcanjo, Francisco desceu o Monte Alverner, este trazia nos p\u00e9s e m\u00e3os os estigmas de Jesus, e como achava-se indigno de se tornar igual a Jesus que ficou em total jejum, no final daqueles dias bebeu \u00e1gua e comeu um peda\u00e7o de p\u00e3o.<br \/>\nImportante lembrar que a quaresma pode ser realizada a partir de qualquer data do ano, sendo agosto a setembro um momento especial. E que voc\u00ea possa reunir juntamente com sua fam\u00edlia, amigos e namorado(a), para rezar pelas inten\u00e7\u00f5es que voc\u00ea traz no seu cora\u00e7\u00e3o.<br \/>\n\u201cOs anjos existem, s\u00e3o enviados pela Divina Provid\u00eancia, para que nos ajudem a alcan\u00e7ar a santidade da vida\u201d (Jo\u00e3o Paulo II).<br \/>\n<strong>Esta quaresma deve ser rezada diariamente entre os dias 15 de agosto e 29 de setembro, dia da Festa de S\u00e3o Miguel.<\/strong>Providenciar um altar para S\u00e3o Miguel com uma imagem ou uma estampa. <\/p>\n<p>Todos os dias:<\/p>\n<p>Acender uma vela benta.<br \/>\n &#8211; Oferecer uma penit\u00eancia.<br \/>\n &#8211; Fazer o sinal-da-cruz.<br \/>\n &#8211; Rezar a ora\u00e7\u00e3o inicial.<br \/>\n &#8211; Rezar a ladainha de S\u00e3o Miguel.<\/p>\n<p>REZE A QUARESMA AGORA!<br \/>\n(clique no link abaixo)<br \/>\n<a href=\"http:\/\/blog.cancaonova.com\/oracao\/2012\/08\/15\/reze-a-quaresma-de-sao-miguel-arcanjo\/\"><\/p>\n","protected":false},"excerpt":{"rendered":"<p>HIST\u00d3RIA DA QUARESMA DE S\u00c3O MIGUEL A quaresma de S\u00e3o Miguel Arcanjo come\u00e7ou com S\u00e3o Francisco que era devoto do Arcanjo; S\u00e3o Francisco sentia o desejo de experimentar no corpo e na alma a Paix\u00e3o de Cristo sua dor e&#8230;<\/p>\n","protected":false},"author":2701,"featured_media":0,"comment_status":"open","ping_status":"open","sticky":false,"template":"","format":"standard","meta":{"_mi_skip_tracking":false,"_monsterinsights_sitenote_active":false,"_monsterinsights_sitenote_note":"","_monsterinsights_sitenote_category":0,"footnotes":""},"categories":[32],"tags":[],"_links":{"self":[{"href":"https:\/\/blog.cancaonova.com\/riopreto\/wp-json\/wp\/v2\/posts\/4389"}],"collection":[{"href":"https:\/\/blog.cancaonova.com\/riopreto\/wp-json\/wp\/v2\/posts"}],"about":[{"href":"https:\/\/blog.cancaonova.com\/riopreto\/wp-json\/wp\/v2\/types\/post"}],"author":[{"embeddable":true,"href":"https:\/\/blog.cancaonova.com\/riopreto\/wp-json\/wp\/v2\/users\/2701"}],"replies":[{"embeddable":true,"href":"https:\/\/blog.cancaonova.com\/riopreto\/wp-json\/wp\/v2\/comments?post=4389"}],"version-history":[{"count":21,"href":"https:\/\/blog.cancaonova.com\/riopreto\/wp-json\/wp\/v2\/posts\/4389\/revisions"}],"predecessor-version":[{"id":4412,"href":"https:\/\/blog.cancaonova.com\/riopreto\/wp-json\/wp\/v2\/posts\/4389\/revisions\/4412"}],"wp:attachment":[{"href":"https:\/\/blog.cancaonova.com\/riopreto\/wp-json\/wp\/v2\/media?parent=4389"}],"wp:term":[{"taxonomy":"category","embeddable":true,"href":"https:\/\/blog.cancaonova.com\/riopreto\/wp-json\/wp\/v2\/categories?post=4389"},{"taxonomy":"post_tag","embeddable":true,"href":"https:\/\/blog.cancaonova.com\/riopreto\/wp-json\/wp\/v2\/tags?post=4389"}],"curies":[{"name":"wp","href":"https:\/\/api.w.org\/{rel}","templated":true}]}}