{"id":4425,"date":"2012-09-26T10:29:11","date_gmt":"2012-09-26T13:29:11","guid":{"rendered":"http:\/\/blog.cancaonova.com\/riopreto\/?p=4425"},"modified":"2012-09-26T10:29:14","modified_gmt":"2012-09-26T13:29:14","slug":"papa-nomeia-bispo-para-sao-jose-do-rio-preto","status":"publish","type":"post","link":"https:\/\/blog.cancaonova.com\/riopreto\/papa-nomeia-bispo-para-sao-jose-do-rio-preto\/","title":{"rendered":"Papa nomeia bispo para S\u00e3o Jos\u00e9 do Rio Preto"},"content":{"rendered":"<p><a href=\"http:\/\/blog.cancaonova.com\/riopreto\/?attachment_id=4432\" rel=\"attachment wp-att-4432\"><img loading=\"lazy\" decoding=\"async\" src=\"http:\/\/blog.cancaonova.com\/riopreto\/files\/2012\/09\/422947_307791262662261_981798306_n3-200x300.jpg\" alt=\"\" width=\"200\" height=\"300\" class=\"alignright size-medium wp-image-4432\" srcset=\"https:\/\/blog.cancaonova.com\/riopreto\/files\/2012\/09\/422947_307791262662261_981798306_n3-200x300.jpg 200w, https:\/\/blog.cancaonova.com\/riopreto\/files\/2012\/09\/422947_307791262662261_981798306_n3.jpg 280w\" sizes=\"(max-width: 200px) 100vw, 200px\" \/><\/a><\/p>\n<p>A Nunciatura Apost\u00f3lica no Brasil comunicou a nomea\u00e7\u00e3o, pelo Santo Padre papa Bento XVI, de dom Tom\u00e9 Ferreira da Silva para a vacante diocese de S\u00e3o Jos\u00e9 do Rio Preto (SP), transferindo-o da sede titular de \u201cGiufi\u201d e do of\u00edcio de bispo auxiliar em S\u00e3o Paulo (SP).<\/p>\n<p>Nomeado bispo em 2005, dom Tom\u00e9 tem percorrido um marcante itiner\u00e1rio episcopal de servi\u00e7o na Igreja como Vig\u00e1rio episcopal da regi\u00e3o Ipiranga e com bispo referencial para o di\u00e1logo religioso e o ecumenismo do regional Sul 1 da CNBB. Na arquidiocese de S\u00e3o Paulo tamb\u00e9m prestou servi\u00e7o dedicado como assessor dos Movimentos e Associa\u00e7\u00f5es Leigas, animou a catequese e, junto aos semin\u00e1rios, realizou trabalho especial com acento \u00e0 Pastoral Vocacional.<br \/>\nO lema escolhido por dom Tom\u00e9 para seu minist\u00e9rio como bispo traz a express\u00e3o da marca do seu caminho: Santidade na verdade e caridade. Desejamos que essa inspira\u00e7\u00e3o continue a sustentar os passos na entrega de vida desse nosso Irm\u00e3o e leve para as comunidades de S\u00e3o Jos\u00e9 do Rio Preto todas as b\u00ean\u00e7\u00e3os de seu minist\u00e9rio.<\/p>\n<p>Agradecemos a arquidiocese de S\u00e3o Paulo pela fraterna acolhida e pelo acompanhamento do trabalho de dom Tom\u00e9 e nos unimos a todos as comunidades da diocese de S\u00e3o Jos\u00e9 do Rio Preto que recebe, com alegria, o novo bispo.<\/p>\n<p>Dom Leonardo Steiner<br \/>\nBispo auxiliar de Bras\u00edlia<br \/>\nSecret\u00e1rio Geral da CNBB<\/p>\n<p>Fonte: http:\/\/noticias.cancaonova.com\/<\/p>\n","protected":false},"excerpt":{"rendered":"<p>A Nunciatura Apost\u00f3lica no Brasil comunicou a nomea\u00e7\u00e3o, pelo Santo Padre papa Bento XVI, de dom Tom\u00e9 Ferreira da Silva para a vacante diocese de S\u00e3o Jos\u00e9 do Rio Preto (SP), transferindo-o da sede titular de \u201cGiufi\u201d e do of\u00edcio&#8230;<\/p>\n","protected":false},"author":2701,"featured_media":4429,"comment_status":"open","ping_status":"open","sticky":false,"template":"","format":"standard","meta":{"_mi_skip_tracking":false,"_monsterinsights_sitenote_active":false,"_monsterinsights_sitenote_note":"","_monsterinsights_sitenote_category":0,"footnotes":""},"categories":[16602],"tags":[],"_links":{"self":[{"href":"https:\/\/blog.cancaonova.com\/riopreto\/wp-json\/wp\/v2\/posts\/4425"}],"collection":[{"href":"https:\/\/blog.cancaonova.com\/riopreto\/wp-json\/wp\/v2\/posts"}],"about":[{"href":"https:\/\/blog.cancaonova.com\/riopreto\/wp-json\/wp\/v2\/types\/post"}],"author":[{"embeddable":true,"href":"https:\/\/blog.cancaonova.com\/riopreto\/wp-json\/wp\/v2\/users\/2701"}],"replies":[{"embeddable":true,"href":"https:\/\/blog.cancaonova.com\/riopreto\/wp-json\/wp\/v2\/comments?post=4425"}],"version-history":[{"count":5,"href":"https:\/\/blog.cancaonova.com\/riopreto\/wp-json\/wp\/v2\/posts\/4425\/revisions"}],"predecessor-version":[{"id":4434,"href":"https:\/\/blog.cancaonova.com\/riopreto\/wp-json\/wp\/v2\/posts\/4425\/revisions\/4434"}],"wp:featuredmedia":[{"embeddable":true,"href":"https:\/\/blog.cancaonova.com\/riopreto\/wp-json\/wp\/v2\/media\/4429"}],"wp:attachment":[{"href":"https:\/\/blog.cancaonova.com\/riopreto\/wp-json\/wp\/v2\/media?parent=4425"}],"wp:term":[{"taxonomy":"category","embeddable":true,"href":"https:\/\/blog.cancaonova.com\/riopreto\/wp-json\/wp\/v2\/categories?post=4425"},{"taxonomy":"post_tag","embeddable":true,"href":"https:\/\/blog.cancaonova.com\/riopreto\/wp-json\/wp\/v2\/tags?post=4425"}],"curies":[{"name":"wp","href":"https:\/\/api.w.org\/{rel}","templated":true}]}}