{"id":4539,"date":"2014-02-12T16:49:00","date_gmt":"2014-02-12T19:49:00","guid":{"rendered":"http:\/\/blog.cancaonova.com\/riopreto\/?p=4539"},"modified":"2014-02-13T07:43:23","modified_gmt":"2014-02-13T10:43:23","slug":"grupo-oracao-novo-local","status":"publish","type":"post","link":"https:\/\/blog.cancaonova.com\/riopreto\/grupo-oracao-novo-local\/","title":{"rendered":"Grupo Ora\u00e7\u00e3o - Novo local"},"content":{"rendered":"<p><span style=\"font-family: arial, helvetica, sans-serif;font-size: 14pt\">Nosso Grupo de Ora\u00e7\u00e3o em 2014 em um novo local.<\/span><\/p>\n<p><span style=\"font-family: arial, helvetica, sans-serif;font-size: 14pt\">Quinta-feira \u00e1s 19:30 na Catedral de S\u00e3o Jos\u00e9 Rio Preto. <span style=\"font-size: 10pt\">(Rua Siqueira Campos, 3033 &#8211; Centro)<\/span><\/span><\/p>\n<p><span style=\"font-family: arial, helvetica, sans-serif;font-size: 14pt\">Esperamos por voc\u00ea!!!\u00a0<\/span><\/p>\n<p><img decoding=\"async\" style=\"vertical-align: middle\" src=\"http:\/\/blog.cancaonova.com\/riopreto\/files\/2014\/02\/Grupo-de-Orac\u0327a\u0303o72.jpg\" alt=\"\" \/><\/p>\n","protected":false},"excerpt":{"rendered":"<p>Nosso Grupo de Ora\u00e7\u00e3o em 2014 em um novo local. Quinta-feira \u00e1s 19:30 na Catedral de S\u00e3o Jos\u00e9 Rio Preto. (Rua Siqueira Campos, 3033 &#8211; Centro) Esperamos por voc\u00ea!!!\u00a0<\/p>\n","protected":false},"author":2701,"featured_media":0,"comment_status":"open","ping_status":"open","sticky":false,"template":"","format":"standard","meta":{"_mi_skip_tracking":false,"_monsterinsights_sitenote_active":false,"_monsterinsights_sitenote_note":"","_monsterinsights_sitenote_category":0,"footnotes":""},"categories":[4],"tags":[166240],"_links":{"self":[{"href":"https:\/\/blog.cancaonova.com\/riopreto\/wp-json\/wp\/v2\/posts\/4539"}],"collection":[{"href":"https:\/\/blog.cancaonova.com\/riopreto\/wp-json\/wp\/v2\/posts"}],"about":[{"href":"https:\/\/blog.cancaonova.com\/riopreto\/wp-json\/wp\/v2\/types\/post"}],"author":[{"embeddable":true,"href":"https:\/\/blog.cancaonova.com\/riopreto\/wp-json\/wp\/v2\/users\/2701"}],"replies":[{"embeddable":true,"href":"https:\/\/blog.cancaonova.com\/riopreto\/wp-json\/wp\/v2\/comments?post=4539"}],"version-history":[{"count":3,"href":"https:\/\/blog.cancaonova.com\/riopreto\/wp-json\/wp\/v2\/posts\/4539\/revisions"}],"predecessor-version":[{"id":4546,"href":"https:\/\/blog.cancaonova.com\/riopreto\/wp-json\/wp\/v2\/posts\/4539\/revisions\/4546"}],"wp:attachment":[{"href":"https:\/\/blog.cancaonova.com\/riopreto\/wp-json\/wp\/v2\/media?parent=4539"}],"wp:term":[{"taxonomy":"category","embeddable":true,"href":"https:\/\/blog.cancaonova.com\/riopreto\/wp-json\/wp\/v2\/categories?post=4539"},{"taxonomy":"post_tag","embeddable":true,"href":"https:\/\/blog.cancaonova.com\/riopreto\/wp-json\/wp\/v2\/tags?post=4539"}],"curies":[{"name":"wp","href":"https:\/\/api.w.org\/{rel}","templated":true}]}}