{"id":4623,"date":"2014-08-21T16:43:23","date_gmt":"2014-08-21T19:43:23","guid":{"rendered":"http:\/\/blog.cancaonova.com\/riopreto\/?p=4623"},"modified":"2014-08-21T16:43:23","modified_gmt":"2014-08-21T19:43:23","slug":"o-que-a-igreja-diz-sobre-o-voto-nas-eleicoes","status":"publish","type":"post","link":"https:\/\/blog.cancaonova.com\/riopreto\/o-que-a-igreja-diz-sobre-o-voto-nas-eleicoes\/","title":{"rendered":"O que a Igreja diz sobre o voto nas elei\u00e7\u00f5es?"},"content":{"rendered":"<p>A CNBB entende que \u00e9 responsabilidade de todo cidad\u00e3o, participar, conscientemente, da escolha de seus representantes. Para os crist\u00e3os tal escolha deve ser iluminada pela f\u00e9 e pelo amor crist\u00e3os, os quais exigem a universaliza\u00e7\u00e3o do acesso \u00e0s condi\u00e7\u00f5es necess\u00e1rias para a vida digna de filhos de deus (\u2026) <\/p>\n<p><strong>Uma f\u00e9 aut\u00eantica \u2013 que nunca \u00e9 comoda nem individualista \u2013 comporta sempre um profundo desejo de mudar o mundo, transmitir valores, deixar a terra um pouco melhor depois da nossa passagem por ela.\u201d<\/strong><\/p>\n<p>O Papa Francisco lembra a import\u00e2ncia da participa\u00e7\u00e3o pol\u00edtica dos crist\u00e3os e sua responsabilidade na dif\u00edcil, por\u00e9m necess\u00e1ria, constru\u00e7\u00e3o de uma sociedade mais justa: \u201cDevemos envolver-nos na pol\u00edtica, pois a pol\u00edtica \u00e9 uma das formas mais altas da caridade, porque busca o bem comum\u201d. Segundo o papa, se a pol\u00edtica se tornou uma coisa \u201csuja\u201d, isso se deve tamb\u00e9m ao fato de que \u201cos crist\u00e3os se envolveram na pol\u00edtica sem esp\u00edrito evang\u00e9lico\u201d. \u00c9 preciso que o crist\u00e3o deixe de colocar em outras pessoas a responsabilidade pela situa\u00e7\u00e3o atual da sociedade e que cada um passe a perguntar a si mesmo o que pode fazer para tornar concreta a mudan\u00e7a que se deseja.<\/p>\n<div style=\"width: 338px\" class=\"wp-caption alignnone\"><img loading=\"lazy\" decoding=\"async\" src=\"http:\/\/img.cancaonova.com\/cnimages\/canais\/uploads\/sites\/8\/2013\/04\/papa-francisco-clarissa-cn.jpg\" alt=\"\" width=\"328\" height=\"500\" \/><p class=\"wp-caption-text\">Francisco<\/p><\/div>\n<p>Os per\u00edodos eleitorais constituem-se em momento prop\u00edcio \u00e0 participa\u00e7\u00e3o dos crist\u00e3os, de quem se espera conscienciosa atua\u00e7\u00e3o no processo decis\u00f3rio sobre aqueles que conduzir\u00e3o a coisa p\u00fablica. Mas, n\u00e3o basta o voto. \u00c9 preciso ir para al\u00e9m das urnas, deve-se proceder ao rigoroso acompanhamento do trabalho dos eleitos \u2013 por meio do monitoramento de suas a\u00e7\u00f5es, projetos e gastos \u2013 exigindo que exercitem de fato a representa\u00e7\u00e3o que lhes foi conferida. Todos os crist\u00e3os s\u00e3o convidados a se dedicarem a essa iniciativa. <strong>A cada discuss\u00e3o, a cada reuni\u00e3o, a cada voto consciente, a cada momento em que um cidad\u00e3o se decide a favor da honestidade, do bem comum e contra a corrup\u00e7\u00e3o aprimora-se, em m\u00fatua coopera\u00e7\u00e3o, a democracia.<\/strong><\/p>\n<p>\u201cO movimento rumo \u00e0 identifica\u00e7\u00e3o e \u00e0 proclama\u00e7\u00e3o dos direitos do homem \u00e9 um dos mais relevantes esfor\u00e7os para responder de modo eficaz \u00e0s exig\u00eancias imprescind\u00edveis da dignidade humana\u201d (Comp\u00eandio da Doutrina Social da Igreja). Assim, h\u00e1 que se reconhecer que, fundamentalmente, \u201ca paz \u00e9 fruto da justi\u00e7a\u201d (is 32, 17).<\/p>\n<p>(Texto retirado da CNBB, 30 de abril a 9 de maio de 2014)<\/p>\n<p>Deixe seu coment\u00e1rio ou pedido de ora\u00e7\u00e3o abaixo.<\/p>\n","protected":false},"excerpt":{"rendered":"<p>A CNBB entende que \u00e9 responsabilidade de todo cidad\u00e3o, participar, conscientemente, da escolha de seus representantes. Para os crist\u00e3os tal escolha deve ser iluminada pela f\u00e9 e pelo amor crist\u00e3os, os quais exigem a universaliza\u00e7\u00e3o do acesso \u00e0s condi\u00e7\u00f5es necess\u00e1rias&#8230;<\/p>\n","protected":false},"author":2701,"featured_media":0,"comment_status":"open","ping_status":"open","sticky":false,"template":"","format":"standard","meta":{"_mi_skip_tracking":false,"_monsterinsights_sitenote_active":false,"_monsterinsights_sitenote_note":"","_monsterinsights_sitenote_category":0,"footnotes":""},"categories":[23],"tags":[33264,40542,20055],"_links":{"self":[{"href":"https:\/\/blog.cancaonova.com\/riopreto\/wp-json\/wp\/v2\/posts\/4623"}],"collection":[{"href":"https:\/\/blog.cancaonova.com\/riopreto\/wp-json\/wp\/v2\/posts"}],"about":[{"href":"https:\/\/blog.cancaonova.com\/riopreto\/wp-json\/wp\/v2\/types\/post"}],"author":[{"embeddable":true,"href":"https:\/\/blog.cancaonova.com\/riopreto\/wp-json\/wp\/v2\/users\/2701"}],"replies":[{"embeddable":true,"href":"https:\/\/blog.cancaonova.com\/riopreto\/wp-json\/wp\/v2\/comments?post=4623"}],"version-history":[{"count":5,"href":"https:\/\/blog.cancaonova.com\/riopreto\/wp-json\/wp\/v2\/posts\/4623\/revisions"}],"predecessor-version":[{"id":4628,"href":"https:\/\/blog.cancaonova.com\/riopreto\/wp-json\/wp\/v2\/posts\/4623\/revisions\/4628"}],"wp:attachment":[{"href":"https:\/\/blog.cancaonova.com\/riopreto\/wp-json\/wp\/v2\/media?parent=4623"}],"wp:term":[{"taxonomy":"category","embeddable":true,"href":"https:\/\/blog.cancaonova.com\/riopreto\/wp-json\/wp\/v2\/categories?post=4623"},{"taxonomy":"post_tag","embeddable":true,"href":"https:\/\/blog.cancaonova.com\/riopreto\/wp-json\/wp\/v2\/tags?post=4623"}],"curies":[{"name":"wp","href":"https:\/\/api.w.org\/{rel}","templated":true}]}}