{"id":481,"date":"2008-04-15T14:42:15","date_gmt":"2008-04-15T17:42:15","guid":{"rendered":"http:\/\/blog.cancaonova.com\/riopreto\/2008\/04\/15\/jubileu-de-ouro-de-dom-jose-de-aquino-pereira\/"},"modified":"2008-04-16T09:02:42","modified_gmt":"2008-04-16T12:02:42","slug":"jubileu-de-ouro-de-dom-jose-de-aquino-pereira","status":"publish","type":"post","link":"https:\/\/blog.cancaonova.com\/riopreto\/jubileu-de-ouro-de-dom-jose-de-aquino-pereira\/","title":{"rendered":"Jubileu de Ouro de Dom Jos\u00e9 de Aquino Pereira"},"content":{"rendered":"<p><font face=\"Verdana\"><a href=\"http:\/\/blog.cancaonova.com\/riopreto\/files\/2008\/04\/dom-jose_.jpg\" title=\"dom-jose_.jpg\"><\/a><a href=\"http:\/\/blog.cancaonova.com\/riopreto\/files\/2008\/04\/dom-jose_2.jpg\" title=\"dom-jose_2.jpg\"><\/a><\/font><font face=\"Verdana\"><a href=\"http:\/\/blog.cancaonova.com\/riopreto\/files\/2008\/04\/dom-jose_2.jpg\" title=\"dom-jose_2.jpg\"><\/a><\/font><font face=\"Verdana\"><\/p>\n<p align=\"center\"><a href=\"http:\/\/blog.cancaonova.com\/riopreto\/files\/2008\/04\/dom-jose_.jpg\" title=\"dom-jose_.jpg\"><\/a><a href=\"http:\/\/blog.cancaonova.com\/riopreto\/files\/2008\/04\/dom-jose_2.jpg\" title=\"dom-jose_2.jpg\"><img decoding=\"async\" src=\"http:\/\/blog.cancaonova.com\/riopreto\/files\/2008\/04\/dom-jose_2.jpg\" alt=\"dom-jose_2.jpg\" \/><\/a><\/p>\n<p align=\"left\"><font face=\"Verdana\">Dom Paulo Mendes Peixoto, bispo diocesano de Rio Preto, presb\u00edteros, di\u00e1conos, religiosos e leigos celebraram no dia 14 de abril\u00a0os 50 anos de vida episcopal de Dom Jos\u00e9 de Aquino Pereira, bispo em\u00e9rito da cidade. <\/font><\/p>\n<p align=\"left\"><font face=\"Verdana\">A\u00a0cerim\u00f4nia celebrada \u00e0s 19h30, na S\u00e9 Catedral contou com a presen\u00e7a de v\u00e1rios bispos e arcebisos, entre eles: Dom Orani Jo\u00e3o Tempesta (Arcebispo de Bel\u00e9m do Par\u00e1); Dom Joviano de Lima J\u00fanior (Arcebispo de Ribeir\u00e3o Preto-SP); Dom David Dias Pimentel (Bispo de S\u00e3o Jo\u00e3o da Boa Vista-SP); Dom Dem\u00e9trio Valentini (Bispo de Jales-SP); Dom Fernando Mason (Bispo de Piracicaba);\u00a0e dezenas de presb\u00edteros ordenados pelas m\u00e3os de Dom Jos\u00e9.<\/font><\/p>\n<p align=\"left\"><font face=\"Verdana\">Nascido em Portugal, Dom Jos\u00e9 veio para o Brasil em 1938, ingressando no Semin\u00e1rio Central do Ipiranga em S\u00e3o Paulo. Foi ordenado sacerdote em 1944, em S\u00e3o Carlos \u2013 SP e nomeado Bispo em 1958, na diocese de Dourados, Mato Grosso. Em 1960, foi transferido para a diocese de Presidente Prudente e, de 1968 a 1997 foi respons\u00e1vel pela Diocese de S\u00e3o Jos\u00e9 do Rio Preto. Todo seu trabalho episcopal foi orientado e realizado segundo o lema &#8211; \u201c\u00c9 preciso que Ele Reine\u201d.<a href=\"http:\/\/blog.cancaonova.com\/riopreto\/files\/2008\/04\/dom-jose_.jpg\" title=\"dom-jose_.jpg\"><img decoding=\"async\" align=\"right\" src=\"http:\/\/blog.cancaonova.com\/riopreto\/files\/2008\/04\/dom-jose_.jpg\" alt=\"dom-jose_.jpg\" \/><\/a><\/font><font face=\"Verdana\"><br \/>\n<\/font><\/p>\n<p align=\"left\"><font face=\"Verdana\">\u201cViemos aqui hoje para agradecer a Nosso Senhor o ter me chamado e me ter dado Sua gra\u00e7a para O servir nas Comunidades de Dourados, Presidente Prudente e S\u00e3o Jos\u00e9 do Rio Preto. Quero agradecer a participa\u00e7\u00e3o de todos e de cada um em particular e pedir suas ora\u00e7\u00f5es para que Nosso Senhor me perdoe as minhas faltas e, na Sua infinita miseric\u00f3rdia, me ajude a Lhe ser sempre fiel.\u201d\u00a0<\/font><\/p>\n<p align=\"left\"><font face=\"Verdana\">(mensagem de Dom\u00a0Jos\u00e9)<br \/>\n<\/font><\/p>\n<p><\/font><\/p>\n","protected":false},"excerpt":{"rendered":"<p>Dom Paulo Mendes Peixoto, bispo diocesano de Rio Preto, presb\u00edteros, di\u00e1conos, religiosos e leigos celebraram no dia 14 de abril\u00a0os 50 anos de vida episcopal de Dom Jos\u00e9 de Aquino Pereira, bispo em\u00e9rito da cidade. A\u00a0cerim\u00f4nia celebrada \u00e0s 19h30, na&#8230;<\/p>\n","protected":false},"author":2701,"featured_media":0,"comment_status":"open","ping_status":"open","sticky":false,"template":"","format":"standard","meta":{"_mi_skip_tracking":false,"_monsterinsights_sitenote_active":false,"_monsterinsights_sitenote_note":"","_monsterinsights_sitenote_category":0,"footnotes":""},"categories":[4],"tags":[],"_links":{"self":[{"href":"https:\/\/blog.cancaonova.com\/riopreto\/wp-json\/wp\/v2\/posts\/481"}],"collection":[{"href":"https:\/\/blog.cancaonova.com\/riopreto\/wp-json\/wp\/v2\/posts"}],"about":[{"href":"https:\/\/blog.cancaonova.com\/riopreto\/wp-json\/wp\/v2\/types\/post"}],"author":[{"embeddable":true,"href":"https:\/\/blog.cancaonova.com\/riopreto\/wp-json\/wp\/v2\/users\/2701"}],"replies":[{"embeddable":true,"href":"https:\/\/blog.cancaonova.com\/riopreto\/wp-json\/wp\/v2\/comments?post=481"}],"version-history":[{"count":0,"href":"https:\/\/blog.cancaonova.com\/riopreto\/wp-json\/wp\/v2\/posts\/481\/revisions"}],"wp:attachment":[{"href":"https:\/\/blog.cancaonova.com\/riopreto\/wp-json\/wp\/v2\/media?parent=481"}],"wp:term":[{"taxonomy":"category","embeddable":true,"href":"https:\/\/blog.cancaonova.com\/riopreto\/wp-json\/wp\/v2\/categories?post=481"},{"taxonomy":"post_tag","embeddable":true,"href":"https:\/\/blog.cancaonova.com\/riopreto\/wp-json\/wp\/v2\/tags?post=481"}],"curies":[{"name":"wp","href":"https:\/\/api.w.org\/{rel}","templated":true}]}}