{"id":511,"date":"2008-04-17T14:05:24","date_gmt":"2008-04-17T17:05:24","guid":{"rendered":"http:\/\/blog.cancaonova.com\/riopreto\/2008\/04\/17\/coracao-de-surdo-e-terra-de-missao\/"},"modified":"2008-04-17T14:20:26","modified_gmt":"2008-04-17T17:20:26","slug":"coracao-de-surdo-e-terra-de-missao","status":"publish","type":"post","link":"https:\/\/blog.cancaonova.com\/riopreto\/coracao-de-surdo-e-terra-de-missao\/","title":{"rendered":"Cora\u00e7\u00e3o de Surdo \u00e9 Terra de Miss\u00e3o!"},"content":{"rendered":"<p><a href=\"http:\/\/blog.cancaonova.com\/riopreto\/wp-admin\/\"><\/a><a href=\"http:\/\/blog.cancaonova.com\/riopreto\/wp-admin\/\"><\/a><a href=\"http:\/\/blog.cancaonova.com\/riopreto\/wp-admin\/\"><\/a><a href=\"http:\/\/blog.cancaonova.com\/riopreto\/wp-admin\/\"><\/a><a href=\"http:\/\/blog.cancaonova.com\/riopreto\/files\/2008\/04\/priscila1.jpg\" title=\"priscila1.jpg\"><\/a><a href=\"http:\/\/blog.cancaonova.com\/riopreto\/files\/2008\/04\/antoniela.jpg\" title=\"antoniela.jpg\"><\/a><\/p>\n<p><a href=\"http:\/\/blog.cancaonova.com\/riopreto\/files\/2008\/04\/antoniela2.jpg\" title=\"antoniela2.jpg\"><\/a><a href=\"http:\/\/blog.cancaonova.com\/riopreto\/files\/2008\/04\/antoniela2.jpg\" title=\"antoniela2.jpg\"><\/a><a href=\"http:\/\/blog.cancaonova.com\/riopreto\/files\/2008\/04\/antoniela2.jpg\" title=\"antoniela2.jpg\"><\/a><a href=\"http:\/\/blog.cancaonova.com\/riopreto\/files\/2008\/04\/antoniela2.jpg\" title=\"antoniela2.jpg\"><\/a><a href=\"http:\/\/blog.cancaonova.com\/riopreto\/files\/2008\/04\/antoniela2.jpg\" title=\"antoniela2.jpg\"><\/p>\n<p align=\"center\"><img decoding=\"async\" src=\"http:\/\/blog.cancaonova.com\/riopreto\/files\/2008\/04\/antoniela2.jpg\" alt=\"antoniela2.jpg\" \/><\/p>\n<p><a href=\"http:\/\/blog.cancaonova.com\/riopreto\/files\/2008\/04\/antoniela.jpg\" title=\"antoniela.jpg\"><\/a>Sou Priscila Graziela, estou h\u00e1 oito anos na comunidade Can\u00e7\u00e3o Nova, aprendi Libras aqui mesmo na Comunidade, no ano de 2001 com o Padre Delci. Quero\u00a0 partilhar com voc\u00ea sobre como iniciou esse trabalho de evangeliza\u00e7\u00e3o para surdos, e o que temos realizado.<\/p>\n<p><\/a>O Projeto de evangeliza\u00e7\u00e3o dos surdos atrav\u00e9s da Can\u00e7\u00e3o Nova surgiu durante o Acampamento de Ora\u00e7\u00e3o &#8220;Valei-me, S\u00e3o Jos\u00e9&#8221;, em maio de 1999, quando o Padre Delci (da Pequena Miss\u00e3o para Surdos) veio com os surdos de Campinas para a Can\u00e7\u00e3o Nova. Padre Delci, que estava interpretando em cima de um banco no fundo do Rinc\u00e3o, foi chamado para\u00a0subir ao palco, e interpretar o restante do acampamento l\u00e1 de cima. No final do encontro, o\u00a0Monsenhor\u00a0Jonas\u00a0disse que a partir daquele dia a Can\u00e7\u00e3o Nova n\u00e3o seria mais a mesma. Ela estava disposta a investir tamb\u00e9m na evangeliza\u00e7\u00e3o dos surdos.<\/p>\n<p>Com o passar do tempo, passamos a interpretar tamb\u00e9m na TV Can\u00e7\u00e3o Nova, por meio\u00a0de um sistema denominado &#8220;wipe&#8221; (que chamamos carinhosamente de\u00a0&#8220;quadrinho&#8221;), que fica no canto da tela (foi a primeira televis\u00e3o a fazer esse trabalho).<\/p>\n<p>Logo depois, o Padre Delci pediu para seus superiores para ficar um tempo na Can\u00e7\u00e3o Nova, para formar novos int\u00e9rpretoes na pr\u00f3pria Comunidade e, assim o fez.<\/p>\n<p>A &#8220;Miss\u00e3o M\u00e3os que Evangelizam&#8221; em Cachoeira Paulista faz o trabalho de interpreta\u00e7\u00e3o de prega\u00e7\u00f5es, missas, acampamentos e programas pela TV e internet. Al\u00e9m disso, acolhemos a todos os surdos que v\u00eam nos encontros, interpretando para eles ao vivo, levando-os e preparando-os para confiss\u00f5es durante todo o evento, entre outras atividades.<\/p>\n<p>Hoje tenho desenvolvido a Miss\u00e3o M\u00e3os que Evangelizam aqui em S\u00e3o Jos\u00e9 do Rio Preto ensinando LIBRAS para aqueles que os interessados em comunicar-se com os surdos. A necessidade de comunica\u00e7\u00e3o deles \u00e9 muito grande.<\/p>\n<p>Tamb\u00e9m estou unida \u00e0 Pastoral dos Surdos diocesana para que nesta unidade o crescimento deste trabalho seja cada vez melhor e eficaz.\u00a0\u00a0<\/p>\n<p><img decoding=\"async\" align=\"right\" src=\"http:\/\/blog.cancaonova.com\/riopreto\/files\/2008\/04\/priscila1.jpg\" alt=\"priscila1.jpg\" \/><\/p>\n<p align=\"center\">&nbsp;<\/p>\n<p align=\"center\">&#8220;Todo cora\u00e7\u00e3o de surdo \u00e9 terra de miss\u00e3o&#8221;<br \/>\n(Padre Jos\u00e9 Gualandi)<\/p>\n<p align=\"left\"><strong>Priscila Graziela <a href=\"http:\/\/blog.cancaonova.com\/riopreto\/files\/2008\/04\/priscila1.jpg\" title=\"priscila1.jpg\"><\/a><\/strong><br \/>\nComunidade Can\u00e7\u00e3o Nova\u00a0<br \/>\nProjeto M\u00e3os que Evangelizam\u00a0 &#8211;\u00a0SJRP<br \/>\n<a href=\"mailto:prisca.cn@geracaophn.com\">prisca.cn@geracaophn.com<\/a><\/p>\n<p align=\"left\">Deixe seu coment\u00e1rio<\/p>\n","protected":false},"excerpt":{"rendered":"<p>Sou Priscila Graziela, estou h\u00e1 oito anos na comunidade Can\u00e7\u00e3o Nova, aprendi Libras aqui mesmo na Comunidade, no ano de 2001 com o Padre Delci. Quero\u00a0 partilhar com voc\u00ea sobre como iniciou esse trabalho de evangeliza\u00e7\u00e3o para surdos, e o&#8230;<\/p>\n","protected":false},"author":2701,"featured_media":0,"comment_status":"open","ping_status":"open","sticky":false,"template":"","format":"standard","meta":{"_mi_skip_tracking":false,"_monsterinsights_sitenote_active":false,"_monsterinsights_sitenote_note":"","_monsterinsights_sitenote_category":0,"footnotes":""},"categories":[4],"tags":[],"_links":{"self":[{"href":"https:\/\/blog.cancaonova.com\/riopreto\/wp-json\/wp\/v2\/posts\/511"}],"collection":[{"href":"https:\/\/blog.cancaonova.com\/riopreto\/wp-json\/wp\/v2\/posts"}],"about":[{"href":"https:\/\/blog.cancaonova.com\/riopreto\/wp-json\/wp\/v2\/types\/post"}],"author":[{"embeddable":true,"href":"https:\/\/blog.cancaonova.com\/riopreto\/wp-json\/wp\/v2\/users\/2701"}],"replies":[{"embeddable":true,"href":"https:\/\/blog.cancaonova.com\/riopreto\/wp-json\/wp\/v2\/comments?post=511"}],"version-history":[{"count":0,"href":"https:\/\/blog.cancaonova.com\/riopreto\/wp-json\/wp\/v2\/posts\/511\/revisions"}],"wp:attachment":[{"href":"https:\/\/blog.cancaonova.com\/riopreto\/wp-json\/wp\/v2\/media?parent=511"}],"wp:term":[{"taxonomy":"category","embeddable":true,"href":"https:\/\/blog.cancaonova.com\/riopreto\/wp-json\/wp\/v2\/categories?post=511"},{"taxonomy":"post_tag","embeddable":true,"href":"https:\/\/blog.cancaonova.com\/riopreto\/wp-json\/wp\/v2\/tags?post=511"}],"curies":[{"name":"wp","href":"https:\/\/api.w.org\/{rel}","templated":true}]}}