{"id":651,"date":"2008-05-08T23:58:15","date_gmt":"2008-05-09T02:58:15","guid":{"rendered":"http:\/\/blog.cancaonova.com\/riopreto\/2008\/05\/08\/radio-cancao-nova-ao-vivo\/"},"modified":"2009-11-16T16:51:09","modified_gmt":"2009-11-16T19:51:09","slug":"radio-cancao-nova-ao-vivo","status":"publish","type":"post","link":"https:\/\/blog.cancaonova.com\/riopreto\/radio-cancao-nova-ao-vivo\/","title":{"rendered":"R\u00e1dio Can\u00e7\u00e3o Nova Ao vivo"},"content":{"rendered":"<p><a href=\"http:\/\/www.cancaonova.com\/radioriopreto.asx\"><\/a><a href=\"http:\/\/www.cancaonova.com\/radioriopreto.asx\"><\/a><a href=\"http:\/\/www.cancaonova.com\/radioriopreto.asx\"><\/a><\/p>\n<p align=\"left\">A R\u00e1dio Can\u00e7\u00e3o Nova do Cora\u00e7\u00e3o de Maria &#8211; AM 810 &#8211; de S\u00e3o Jos\u00e9 do Rio Preto (SP), est\u00e1 AO VIVO pela internet e tamb\u00e9m com transmiss\u00e3o atrav\u00e9s de uma Webcam direto dos est\u00fadios. Al\u00e9m de ouvir toda a nossa programa\u00e7\u00e3o o internauta vai poder ver os locutores.<\/p>\n<p align=\"left\">Louvamos a Deus por mais essa vit\u00f3ria!! Este \u00e9 um &#8216;presente&#8217; de Deus para o anivers\u00e1rio de 4 anos da R\u00e1dio aqui na regi\u00e3o. Neste pr\u00f3ximo domingo, dia 18, ser\u00e1 a festa de anivers\u00e1rio no J\u00fapiter Ol\u00edmpico, Avenida Duque de Caxias, s\/n (ao lado da represa municipal) a partir das 8h da manh\u00e3. Contaremos com as presen\u00e7as de padre Cleidimar e padre Edimilson da Comunidade Can\u00e7\u00e3o Nova.<\/p>\n<p align=\"left\">A r\u00e1dio nasceu de um convi<a href=\"http:\/\/www.cancaonova.com\/radioriopreto.asx\"><\/a>te que Dom Orani Jo\u00e3o Tempesta, bispo da diocese na \u00e9poca, fez ao Monsenhor Jonas Abib para que o Sistema Can\u00e7\u00e3o Nova de Comunica\u00e7\u00e3o assumisse a R\u00e1dio &#8216;Centro Am\u00e9rica AM 810&#8217;. E, desde maio de 2004 a Can\u00e7\u00e3o Nova assumiu toda a programa\u00e7\u00e3o, inclusive com programas locais.<\/p>\n<p align=\"left\">A miss\u00e3o Can\u00e7\u00e3o Nova em S\u00e3o Jos\u00e9 do Rio Preto tem crescido a cada dia. Hoje, desenvolvemos v\u00e1rios projetos, dentre eles o Projeto Toque de Coragem que \u00e9 um trabalho de evangeliza\u00e7\u00e3o para os Pe\u00f5es de Rodeio; o Projeto com os Empres\u00e1rios locais que patrocinam um programa de TV no Canal 16 da NET &#8211; TV Cidade (o Programa Can\u00e7\u00e3o Nova e Voc\u00ea que \u00e9 exibido \u00e0s segundas e quintas-feiras \u00e0s 21h, s\u00e1bado \u00e0s 14h e domingo \u00e0s 12h); oferecemos tamb\u00e9m em nossa casa de evangeliza\u00e7\u00e3o aulas de LIBRAS e de m\u00fasica (teclado e viol\u00e3o); al\u00e9m dos trabalhos desenvolvidos com a r\u00e1dio.<\/p>\n<p align=\"left\">Temos em nossa Casa de Evangeliza\u00e7\u00e3o a livraria do DAVI (Departamento de Audiovisuais da Can\u00e7\u00e3o Nova), o Clube do Ouvinte, Bazar da Provid\u00eancia, os Est\u00fadios da R\u00e1dio Can\u00e7\u00e3o Nova do Cora\u00e7\u00e3o de Maria AM 810, Capela (com adora\u00e7\u00e3o ao Sant\u00edssimo Sacramento de segunda \u00e0 sexta-feira), Missas di\u00e1rias \u00e0s 12h15, atendimento de ora\u00e7\u00e3o, Grupo de Ora\u00e7\u00e3o e diversos cursos.<\/p>\n<p align=\"left\">Estamos localizados na Rua XV de Novembro, 3131. Centro, S\u00e3o Jos\u00e9 do Rio Preto-SP.<\/p>\n<p align=\"left\">Clique no \u00edcone para ouvir e ver a R\u00e1dio AO VIVO.<\/p>\n<p align=\"left\"><a href=\"http:\/\/10.0.0.97:8084\"><img decoding=\"async\" src=\"http:\/\/blog.cancaonova.com\/riopreto\/files\/2008\/05\/aovivo.thumbnail.jpg\" alt=\"aovivo.jpg\" \/><\/a><a href=\"http:\/\/www.cancaonova.com\/radioriopreto.asx\"><\/a><\/p>\n<p align=\"left\">Deixe seu coment\u00e1rio<\/p>\n<p><a href=\"http:\/\/blog.cancaonova.com\/wp-content\/themes\/sjc\/images\/aovivo.jpg\"><\/a><\/p>\n","protected":false},"excerpt":{"rendered":"<p>A R\u00e1dio Can\u00e7\u00e3o Nova do Cora\u00e7\u00e3o de Maria &#8211; AM 810 &#8211; de S\u00e3o Jos\u00e9 do Rio Preto (SP), est\u00e1 AO VIVO pela internet e tamb\u00e9m com transmiss\u00e3o atrav\u00e9s de uma Webcam direto dos est\u00fadios. Al\u00e9m de ouvir toda a&#8230;<\/p>\n","protected":false},"author":2701,"featured_media":0,"comment_status":"open","ping_status":"open","sticky":false,"template":"","format":"standard","meta":{"_mi_skip_tracking":false,"_monsterinsights_sitenote_active":false,"_monsterinsights_sitenote_note":"","_monsterinsights_sitenote_category":0,"footnotes":""},"categories":[11371],"tags":[18094,16796,6351,19060,11871,17218],"_links":{"self":[{"href":"https:\/\/blog.cancaonova.com\/riopreto\/wp-json\/wp\/v2\/posts\/651"}],"collection":[{"href":"https:\/\/blog.cancaonova.com\/riopreto\/wp-json\/wp\/v2\/posts"}],"about":[{"href":"https:\/\/blog.cancaonova.com\/riopreto\/wp-json\/wp\/v2\/types\/post"}],"author":[{"embeddable":true,"href":"https:\/\/blog.cancaonova.com\/riopreto\/wp-json\/wp\/v2\/users\/2701"}],"replies":[{"embeddable":true,"href":"https:\/\/blog.cancaonova.com\/riopreto\/wp-json\/wp\/v2\/comments?post=651"}],"version-history":[{"count":1,"href":"https:\/\/blog.cancaonova.com\/riopreto\/wp-json\/wp\/v2\/posts\/651\/revisions"}],"predecessor-version":[{"id":2893,"href":"https:\/\/blog.cancaonova.com\/riopreto\/wp-json\/wp\/v2\/posts\/651\/revisions\/2893"}],"wp:attachment":[{"href":"https:\/\/blog.cancaonova.com\/riopreto\/wp-json\/wp\/v2\/media?parent=651"}],"wp:term":[{"taxonomy":"category","embeddable":true,"href":"https:\/\/blog.cancaonova.com\/riopreto\/wp-json\/wp\/v2\/categories?post=651"},{"taxonomy":"post_tag","embeddable":true,"href":"https:\/\/blog.cancaonova.com\/riopreto\/wp-json\/wp\/v2\/tags?post=651"}],"curies":[{"name":"wp","href":"https:\/\/api.w.org\/{rel}","templated":true}]}}