{"id":691,"date":"2008-05-18T10:51:48","date_gmt":"2008-05-18T13:51:48","guid":{"rendered":"http:\/\/blog.cancaonova.com\/riopreto\/2008\/05\/18\/hoje-e-festa\/"},"modified":"2008-07-15T12:04:40","modified_gmt":"2008-07-15T15:04:40","slug":"hoje-e-festa","status":"publish","type":"post","link":"https:\/\/blog.cancaonova.com\/riopreto\/hoje-e-festa\/","title":{"rendered":"Hoje \u00e9 Festa!!!!!"},"content":{"rendered":"<p><a href=\"http:\/\/blog.cancaonova.com\/riopreto\/files\/2008\/05\/dsc00166_.JPG\" title=\"dsc00166_.JPG\"><\/a><a href=\"http:\/\/blog.cancaonova.com\/riopreto\/files\/2008\/05\/dsc00166_.JPG\" title=\"dsc00166_.JPG\"><\/a><a href=\"http:\/\/blog.cancaonova.com\/riopreto\/files\/2008\/05\/dsc00166_.JPG\" title=\"dsc00166_.JPG\"><\/a><a href=\"http:\/\/blog.cancaonova.com\/riopreto\/files\/2008\/05\/dsc00181_.JPG\" title=\"dsc00181_.JPG\"><\/a><a href=\"http:\/\/blog.cancaonova.com\/riopreto\/files\/2008\/05\/dsc00228_.JPG\" title=\"dsc00228_.JPG\"><\/a><a href=\"http:\/\/blog.cancaonova.com\/riopreto\/files\/2008\/05\/dsc00217_.JPG\" title=\"dsc00217_.JPG\"><\/a><a href=\"http:\/\/blog.cancaonova.com\/riopreto\/files\/2008\/05\/dsc00166_.JPG\" title=\"dsc00166_.JPG\"><\/a><a href=\"http:\/\/blog.cancaonova.com\/riopreto\/files\/2008\/05\/dsc00326_.JPG\" title=\"dsc00326_.JPG\"><\/a><a href=\"http:\/\/blog.cancaonova.com\/riopreto\/files\/2008\/05\/dsc00331_.JPG\" title=\"dsc00331_.JPG\"><\/a><a href=\"http:\/\/blog.cancaonova.com\/riopreto\/files\/2008\/05\/s5004830_.JPG\" title=\"s5004830_.JPG\"><\/a><a href=\"http:\/\/blog.cancaonova.com\/riopreto\/files\/2008\/05\/dsc00352_.JPG\" title=\"dsc00352_.JPG\"><\/a><a href=\"http:\/\/blog.cancaonova.com\/riopreto\/files\/2008\/05\/dsc00386_.JPG\" title=\"dsc00386_.JPG\"><\/a><a href=\"http:\/\/blog.cancaonova.com\/riopreto\/files\/2008\/05\/dsc00411_.JPG\" title=\"dsc00411_.JPG\"><\/a><a href=\"http:\/\/blog.cancaonova.com\/riopreto\/files\/2008\/05\/dsc00425_.JPG\" title=\"dsc00425_.JPG\"><\/a><a href=\"http:\/\/blog.cancaonova.com\/riopreto\/files\/2008\/05\/dsc00428_.JPG\" title=\"dsc00428_.JPG\"><\/a><a href=\"http:\/\/blog.cancaonova.com\/riopreto\/files\/2008\/05\/dsc00166_.JPG\" title=\"dsc00166_.JPG\"><img decoding=\"async\" src=\"http:\/\/blog.cancaonova.com\/riopreto\/files\/2008\/05\/dsc00166_.JPG\" alt=\"dsc00166_.JPG\" \/><\/a><\/p>\n<p>Chegou o grande dia!!!! Estamos celebrando os 04 anos da R\u00e1dio Can\u00e7\u00e3o Nova do Cora\u00e7\u00e3o de Maria.<\/p>\n<p>O evento est\u00e1 acontecendo\u00a0no Complexo Jup\u00edter Ol\u00edmpico (Av. Duque de Caxias, s\/n &#8211; S\u00e3o Jos\u00e9 do Rio Preto-SP)<\/p>\n<p>Venha celebrar conosco!!!<\/p>\n<p>Presen\u00e7as de Padre Cleidimar Moreira e Padre Edmilson da Comunidade Can\u00e7\u00e3o Nova. A Santa Missa ser\u00e1 presidida pelo nosso Bispo diocesano Dom Paulo Mendes Peixoto, \u00e0s 16:30h.<br \/>\nShow com Padre Cleidimar ap\u00f3s a Santa Missa!!!!<\/p>\n<p>Acompanhe o evento ao vivo clicando aqui !!\u00a0<a href=\"http:\/\/blog.cancaonova.com\/riopreto\/files\/2008\/05\/dsc00248_.JPG\" title=\"dsc00248_.JPG\"><\/a>\u00a0<a href=\"http:\/\/blog.cancaonova.com\/riopreto\/files\/2008\/05\/s5004830_.JPG\" title=\"s5004830_.JPG\"><\/a><a href=\"http:\/\/blog.cancaonova.com\/riopreto\/files\/2008\/05\/dsc00291_.JPG\" title=\"dsc00291_.JPG\"><\/a>\u00a0<a href=\"http:\/\/blog.cancaonova.com\/riopreto\/files\/2008\/05\/dsc00291_.JPG\" title=\"dsc00291_.JPG\"><\/a>\u00a0<a href=\"http:\/\/blog.cancaonova.com\/riopreto\/files\/2008\/05\/dsc00326_.JPG\" title=\"dsc00326_.JPG\"><\/a>\u00a0<a href=\"http:\/\/blog.cancaonova.com\/riopreto\/files\/2008\/05\/dsc00331_.JPG\" title=\"dsc00331_.JPG\"><\/a>\u00a0<a href=\"http:\/\/blog.cancaonova.com\/riopreto\/files\/2008\/05\/dsc00291_.JPG\" title=\"dsc00291_.JPG\"><\/a>\u00a0<a href=\"http:\/\/blog.cancaonova.com\/riopreto\/files\/2008\/05\/s5004830_.JPG\" title=\"s5004830_.JPG\"><\/a>\u00a0<a href=\"http:\/\/blog.cancaonova.com\/riopreto\/files\/2008\/05\/dsc00352_.JPG\" title=\"dsc00352_.JPG\"><\/a>\u00a0<a href=\"http:\/\/blog.cancaonova.com\/riopreto\/files\/2008\/05\/dsc00386_.JPG\" title=\"dsc00386_.JPG\"><\/a>\u00a0<a href=\"http:\/\/blog.cancaonova.com\/riopreto\/files\/2008\/05\/dsc00411_.JPG\" title=\"dsc00411_.JPG\"><\/a>\u00a0<a href=\"http:\/\/blog.cancaonova.com\/riopreto\/files\/2008\/05\/dsc00425_.JPG\" title=\"dsc00425_.JPG\"><\/a>\u00a0<a href=\"http:\/\/blog.cancaonova.com\/riopreto\/files\/2008\/05\/dsc00428_.JPG\" title=\"dsc00428_.JPG\"><\/a><\/p>\n","protected":false},"excerpt":{"rendered":"<p>Chegou o grande dia!!!! Estamos celebrando os 04 anos da R\u00e1dio Can\u00e7\u00e3o Nova do Cora\u00e7\u00e3o de Maria. O evento est\u00e1 acontecendo\u00a0no Complexo Jup\u00edter Ol\u00edmpico (Av. Duque de Caxias, s\/n &#8211; S\u00e3o Jos\u00e9 do Rio Preto-SP) Venha celebrar conosco!!! Presen\u00e7as de&#8230;<\/p>\n","protected":false},"author":2701,"featured_media":0,"comment_status":"open","ping_status":"open","sticky":false,"template":"","format":"standard","meta":{"_mi_skip_tracking":false,"_monsterinsights_sitenote_active":false,"_monsterinsights_sitenote_note":"","_monsterinsights_sitenote_category":0,"footnotes":""},"categories":[12551],"tags":[],"_links":{"self":[{"href":"https:\/\/blog.cancaonova.com\/riopreto\/wp-json\/wp\/v2\/posts\/691"}],"collection":[{"href":"https:\/\/blog.cancaonova.com\/riopreto\/wp-json\/wp\/v2\/posts"}],"about":[{"href":"https:\/\/blog.cancaonova.com\/riopreto\/wp-json\/wp\/v2\/types\/post"}],"author":[{"embeddable":true,"href":"https:\/\/blog.cancaonova.com\/riopreto\/wp-json\/wp\/v2\/users\/2701"}],"replies":[{"embeddable":true,"href":"https:\/\/blog.cancaonova.com\/riopreto\/wp-json\/wp\/v2\/comments?post=691"}],"version-history":[{"count":0,"href":"https:\/\/blog.cancaonova.com\/riopreto\/wp-json\/wp\/v2\/posts\/691\/revisions"}],"wp:attachment":[{"href":"https:\/\/blog.cancaonova.com\/riopreto\/wp-json\/wp\/v2\/media?parent=691"}],"wp:term":[{"taxonomy":"category","embeddable":true,"href":"https:\/\/blog.cancaonova.com\/riopreto\/wp-json\/wp\/v2\/categories?post=691"},{"taxonomy":"post_tag","embeddable":true,"href":"https:\/\/blog.cancaonova.com\/riopreto\/wp-json\/wp\/v2\/tags?post=691"}],"curies":[{"name":"wp","href":"https:\/\/api.w.org\/{rel}","templated":true}]}}