{"id":91,"date":"2008-03-19T15:23:44","date_gmt":"2008-03-19T18:23:44","guid":{"rendered":"http:\/\/blog.cancaonova.com\/riopreto\/2008\/03\/19\/sao-jose-um-homem-justo-e-determinado\/"},"modified":"2009-11-16T16:23:51","modified_gmt":"2009-11-16T19:23:51","slug":"sao-jose-um-homem-justo-e-determinado","status":"publish","type":"post","link":"https:\/\/blog.cancaonova.com\/riopreto\/sao-jose-um-homem-justo-e-determinado\/","title":{"rendered":"S\u00e3o Jos\u00e9, um homem Justo e Determinado!"},"content":{"rendered":"<p style=\"text-align: center;\"><a rel=\"attachment wp-att-2876\" href=\"http:\/\/blog.cancaonova.com\/riopreto\/?attachment_id=2876\"><img loading=\"lazy\" decoding=\"async\" class=\"size-full wp-image-2876 aligncenter\" title=\"saojose-e-jesus\" src=\"http:\/\/blog.cancaonova.com\/riopreto\/files\/2009\/11\/saojose-e-jesus.jpg\" alt=\"\" width=\"291\" height=\"320\" \/><\/a><\/p>\n<p align=\"left\">Homilia da Missa Solene de S\u00e3o Jos\u00e9 &#8211; 19\/03\/2008.<\/p>\n<p>Temos ent\u00e3o, dentro dessa celebra\u00e7\u00e3o dessa Eucaristia, um momento solene, em que registramos essa passagem, quando completamos 156 anos da cidade de S\u00e3o Jos\u00e9 do Rio Preto.<\/p>\n<p>O in\u00edcio de Rio Preto se deu com o surgimento de uma capela dedicada a S\u00e3o Jos\u00e9, de certa forma, marcando ent\u00e3o, o in\u00edcio de uma caminhada, tendo como raiz a F\u00e9! E uma f\u00e9 cat\u00f3lica.<\/p>\n<p>Uma cidade que come\u00e7a a surgir sob a a\u00e7\u00e3o de Deus. E isso continua. Eu diria que a marca da f\u00e9 \u00e9 uma refer\u00eancia b\u00e1sica de nossa caminhada. De um \u2018n\u00facleo\u2019, hoje temos uma grande cidade, dos \u2018primeiros mineiros\u2019 que aqui chegaram, hoje somos uma cidade de grande porte, com quase 500.000 habitantes, uma cidade pr\u00f3spera, desenvolvida. Uma cidade que abre grandes leques para o futuro, para o Brasil.<\/p>\n<p>Ent\u00e3o, o momento \u00e9 de louvor, \u00e9 de agradecimento a Deus. Agradecimento a esse povo de f\u00e9. Agradecimento a todas as pessoas que marcaram essa hist\u00f3ria, pessoas importantes, pessoas que ajudaram a construir e que estimulam aos de hoje, a todos n\u00f3s, que somos construtores, principalmente as autoridades.<\/p>\n<p>Podemos louvar a Deus, pelos que hoje est\u00e3o assumindo os destinos da cidade. Eu at\u00e9 digo, que cada um de n\u00f3s hoje assume o seu destino, cada um do seu jeito, cada um na sua posi\u00e7\u00e3o, no seu compromisso. A come\u00e7ar do senhor Prefeito Municipal \u00e0 aqueles que trabalham toda manh\u00e3, j\u00e1 de madrugada, juntando lixo; os trabalhadores; as dom\u00e9sticas; todas as pessoas que lutam para construir a vida. Que todos tenham, como diz o profeta Isa\u00edas na primeira leitura, \u00a0uma \u2018l\u00edngua adestrada\u2019, para animar a todos e estimular.<\/p>\n<p>O crescimento depende do hoje de cada um, da autenticidade de cada um. Ter ouvidos abertos para ouvir as necessidades das pessoas. Ter olhos abertos, ter ouvidos abertos. Ter consci\u00eancia de que Deus \u00e9 nossa for\u00e7a e nosso aux\u00edlio. Deus \u00e9 presen\u00e7a, Deus \u00e9 que nos faz agir.<\/p>\n<p>E \u00e9 claro que o nosso cora\u00e7\u00e3o tem que \u00a0estar aberto, por isso que n\u00f3s celebramos a semana santa para nos despertar para uma espiritualidade mais comprometedora, mais mission\u00e1ria, mais aut\u00eantica. Cada l\u00edder deve agir como Abra\u00e3o, como escolhido de Deus, como nos cita S\u00e3o Paulo nessa segunda leitura. \u00a0Significa que o dom da f\u00e9 deve continuar na hist\u00f3ria e deve continuar no cora\u00e7\u00e3o de cada um de n\u00f3s. N\u00f3s somos esses construtores como Abra\u00e3o, dando seguran\u00e7a ao povo.<\/p>\n<p>Deus constituiu Abra\u00e3o pai de uma grande na\u00e7\u00e3o, Deus faz de n\u00f3s tamb\u00e9m construtores de uma na\u00e7\u00e3o, construtores de uma cidade, de uma fam\u00edlia. E Abra\u00e3o acreditou nas for\u00e7as de Deus na sua vida.<\/p>\n<p>\u00c9 a mesma f\u00e9 de Jos\u00e9, um homem que marcou tamb\u00e9m a hist\u00f3ria, um homem justo e DETERMINADO. \u00a0N\u00f3s podemos ser \u2018determinados\u2019 para o bem, ou para o mal. \u00a0No Evangelho aparece a figura de Judas Iscariotes. Judas se vendeu, escolheu o mal, entregando o Mestre por dinheiro. Quando nossa a\u00e7\u00e3o se volta s\u00f3 para o dinheiro, ela passa a massacrar as pessoas. Isso ent\u00e3o \u00e9 um alerta para todos n\u00f3s e principalmente para aqueles que tem responsabilidades na nossa cidade hoje, que tem o poder de fazer leis, de administrar, de cuidar da ordem p\u00fablica. N\u00e3o podemos nos deixar vender como Judas.Jesus disse: \u2018ide \u00e0 cidade, preparai o local onde vamos celebrar a ceia\u2019. N\u00f3s celebramos o anivers\u00e1rio da cidade pr\u00f3ximo a P\u00e1scoa. Que a nossa cidade seja ent\u00e3o, uma cidade Pascal. S\u00e3o Jos\u00e9 do Rio Preto deve ser \u00a0uma cidade de harmonia, de relacionamento, de vida alegre, porque a P\u00e1scoa \u00e9 vida, \u00e9 \u00a0alegria, \u00e9 express\u00e3o de conviv\u00eancia.<\/p>\n<p>No meio da alegria h\u00e1 quem \u00e9 mal intencionado, por isso que o Evangelho cita Judas Iscariotes. H\u00e1 quem trai a confian\u00e7a e age com maldade. Disse Jesus \u2018ai de quem me trair, seria melhor n\u00e3o ter nascido\u2019. \u2018Ai daquele que trai o povo (veja bem, uma cobran\u00e7a muito forte para n\u00f3s) seria bom n\u00e3o ter nascido\u2019. N\u00e3o podemos ent\u00e3o ter as atitudes de Judas, sendo traidores. Celebrar 156 anos, \u00e9 claro, n\u00e3o \u00e9 celebrar trai\u00e7\u00f5es, mas celebrar vit\u00f3rias, principalmente quando a gente v\u00ea uma cidade pr\u00f3spera, onde as pessoas tem coragem de aplicar, investir.<\/p>\n<p>Que S\u00e3o Jos\u00e9 nos proteja, sendo modelo para n\u00f3s.<\/p>\n<p>Parab\u00e9ns a S\u00e3o Jos\u00e9 do Rio Preto, pelos seus 156 anos.Parab\u00e9ns autoridades, parab\u00e9ns aos investidores, que acreditam na cidade, parab\u00e9ns por acreditarem em nosso povo e aqui investir.<\/p>\n<p>Que os mais pobres se beneficiem das riquezas que temos. E temos muitas riquezas! Dons, bens materiais, capacidade de ajuda, cora\u00e7\u00e3o aberto&#8230;<\/p>\n<p>Eu encerro desejando uma Feliz P\u00e1scoa! Que S\u00e3o Jos\u00e9 do Rio Preto seja essa cidade que nos leva a um bonito progresso, n\u00e3o s\u00f3 para S\u00e3o Paulo, mas para o Brasil e para o mundo.<\/p>\n<p>Dom Paulo Mendes Peixoto<br \/>\nBispo da diocese de S\u00e3o Jos\u00e9 do Rio Preto &#8211; SP<\/p>\n","protected":false},"excerpt":{"rendered":"<p>Homilia da Missa Solene de S\u00e3o Jos\u00e9 &#8211; 19\/03\/2008. Temos ent\u00e3o, dentro dessa celebra\u00e7\u00e3o dessa Eucaristia, um momento solene, em que registramos essa passagem, quando completamos 156 anos da cidade de S\u00e3o Jos\u00e9 do Rio Preto. O in\u00edcio de Rio&#8230;<\/p>\n","protected":false},"author":2701,"featured_media":0,"comment_status":"open","ping_status":"open","sticky":false,"template":"","format":"standard","meta":{"_mi_skip_tracking":false,"_monsterinsights_sitenote_active":false,"_monsterinsights_sitenote_note":"","_monsterinsights_sitenote_category":0,"footnotes":""},"categories":[16602],"tags":[6351,25645,16541,9291,25646,17218,17650],"_links":{"self":[{"href":"https:\/\/blog.cancaonova.com\/riopreto\/wp-json\/wp\/v2\/posts\/91"}],"collection":[{"href":"https:\/\/blog.cancaonova.com\/riopreto\/wp-json\/wp\/v2\/posts"}],"about":[{"href":"https:\/\/blog.cancaonova.com\/riopreto\/wp-json\/wp\/v2\/types\/post"}],"author":[{"embeddable":true,"href":"https:\/\/blog.cancaonova.com\/riopreto\/wp-json\/wp\/v2\/users\/2701"}],"replies":[{"embeddable":true,"href":"https:\/\/blog.cancaonova.com\/riopreto\/wp-json\/wp\/v2\/comments?post=91"}],"version-history":[{"count":3,"href":"https:\/\/blog.cancaonova.com\/riopreto\/wp-json\/wp\/v2\/posts\/91\/revisions"}],"predecessor-version":[{"id":2878,"href":"https:\/\/blog.cancaonova.com\/riopreto\/wp-json\/wp\/v2\/posts\/91\/revisions\/2878"}],"wp:attachment":[{"href":"https:\/\/blog.cancaonova.com\/riopreto\/wp-json\/wp\/v2\/media?parent=91"}],"wp:term":[{"taxonomy":"category","embeddable":true,"href":"https:\/\/blog.cancaonova.com\/riopreto\/wp-json\/wp\/v2\/categories?post=91"},{"taxonomy":"post_tag","embeddable":true,"href":"https:\/\/blog.cancaonova.com\/riopreto\/wp-json\/wp\/v2\/tags?post=91"}],"curies":[{"name":"wp","href":"https:\/\/api.w.org\/{rel}","templated":true}]}}