{"id":961,"date":"2008-06-06T14:23:24","date_gmt":"2008-06-06T17:23:24","guid":{"rendered":"http:\/\/blog.cancaonova.com\/riopreto\/2008\/06\/06\/catequese-especial-para-surdos\/"},"modified":"2009-05-12T08:45:27","modified_gmt":"2009-05-12T11:45:27","slug":"catequese-especial-para-surdos","status":"publish","type":"post","link":"https:\/\/blog.cancaonova.com\/riopreto\/catequese-especial-para-surdos\/","title":{"rendered":"Catequese especial para surdos"},"content":{"rendered":"<p><a title=\"maos_2.jpg\" href=\"http:\/\/blog.cancaonova.com\/riopreto\/files\/2008\/06\/maos_2.jpg\"><\/a><a title=\"maos_2.jpg\" href=\"http:\/\/blog.cancaonova.com\/riopreto\/files\/2008\/06\/maos_2.jpg\"><\/a><a title=\"maos_2.jpg\" href=\"http:\/\/blog.cancaonova.com\/riopreto\/files\/2008\/06\/maos_2.jpg\"><\/a><\/p>\n<p align=\"center\"><img decoding=\"async\" src=\"http:\/\/blog.cancaonova.com\/riopreto\/files\/2008\/06\/maos_2.jpg\" alt=\"maos_2.jpg\" \/><\/p>\n<p>A Diocese de S\u00e3o Jos\u00e9 do Rio Preto promover\u00e1 nos <strong>dias 07 e 08 de junho de 2008 <\/strong>o <strong>Curso de Catequese Especial\u00a0para Surdos<\/strong>, ministrado pela Coordenadora Nacional de Catequese Especial para Surdos, a Sra. <strong>Marta C. de Matos Pimentel<\/strong> (surda).<\/p>\n<p>O curso tem como objetivo formar pessoas interessadas, em catequese para a pessoa surda e das a estas, mais compreens\u00e3o de Doutrina e do Evangelho de Jesus Cristo como ensia a Igreja Cat\u00f3lica.<\/p>\n<p>Participar\u00e3o ouvintes e surdos que estejam atuando na catequese ou que desejam a partir dessa forma\u00e7\u00e3o iniciar um trabalho comprometido com a proposta de Jesus &#8220;Ide evangelizar todos os povos&#8221;.<\/p>\n<p><strong>O encontro acontecer\u00e1 na Casa do Clero<\/strong> (Pr\u00f3ximo \u00e0 cidade de Engenheiro Schimidth).<br \/>\nTaxa de inscri\u00e7\u00e3o R$ 20,00<br \/>\nInforma\u00e7\u00f5es: 17 3232 2940 (Professora Leonor) ou <a href=\"mailto:leonormbn@bol.com.br\">leonormbn@bol.com.br<\/a><\/p>\n<p>Realiza\u00e7\u00e3o: Diocese S\u00e3o Jos\u00e9 do Rio Preto &#8211; SP<\/p>\n","protected":false},"excerpt":{"rendered":"<p>A Diocese de S\u00e3o Jos\u00e9 do Rio Preto promover\u00e1 nos dias 07 e 08 de junho de 2008 o Curso de Catequese Especial\u00a0para Surdos, ministrado pela Coordenadora Nacional de Catequese Especial para Surdos, a Sra. Marta C. de Matos Pimentel&#8230;<\/p>\n","protected":false},"author":2701,"featured_media":0,"comment_status":"open","ping_status":"open","sticky":false,"template":"","format":"standard","meta":{"_mi_skip_tracking":false,"_monsterinsights_sitenote_active":false,"_monsterinsights_sitenote_note":"","_monsterinsights_sitenote_category":0,"footnotes":""},"categories":[4],"tags":[],"_links":{"self":[{"href":"https:\/\/blog.cancaonova.com\/riopreto\/wp-json\/wp\/v2\/posts\/961"}],"collection":[{"href":"https:\/\/blog.cancaonova.com\/riopreto\/wp-json\/wp\/v2\/posts"}],"about":[{"href":"https:\/\/blog.cancaonova.com\/riopreto\/wp-json\/wp\/v2\/types\/post"}],"author":[{"embeddable":true,"href":"https:\/\/blog.cancaonova.com\/riopreto\/wp-json\/wp\/v2\/users\/2701"}],"replies":[{"embeddable":true,"href":"https:\/\/blog.cancaonova.com\/riopreto\/wp-json\/wp\/v2\/comments?post=961"}],"version-history":[{"count":1,"href":"https:\/\/blog.cancaonova.com\/riopreto\/wp-json\/wp\/v2\/posts\/961\/revisions"}],"predecessor-version":[{"id":2103,"href":"https:\/\/blog.cancaonova.com\/riopreto\/wp-json\/wp\/v2\/posts\/961\/revisions\/2103"}],"wp:attachment":[{"href":"https:\/\/blog.cancaonova.com\/riopreto\/wp-json\/wp\/v2\/media?parent=961"}],"wp:term":[{"taxonomy":"category","embeddable":true,"href":"https:\/\/blog.cancaonova.com\/riopreto\/wp-json\/wp\/v2\/categories?post=961"},{"taxonomy":"post_tag","embeddable":true,"href":"https:\/\/blog.cancaonova.com\/riopreto\/wp-json\/wp\/v2\/tags?post=961"}],"curies":[{"name":"wp","href":"https:\/\/api.w.org\/{rel}","templated":true}]}}