{"id":11543,"date":"2011-02-18T13:05:37","date_gmt":"2011-02-18T16:05:37","guid":{"rendered":"http:\/\/blog.cancaonova.com\/saojosedoscampos\/?p=11543"},"modified":"2011-02-17T11:38:54","modified_gmt":"2011-02-17T14:38:54","slug":"documentario-madre-maria-tereza-de-jesus-eucaristico","status":"publish","type":"post","link":"https:\/\/blog.cancaonova.com\/saojosedoscampos\/videos\/documentario-madre-maria-tereza-de-jesus-eucaristico\/","title":{"rendered":"1 Parte \u2013 Document\u00e1rio Madre Maria Tereza de Jesus Eucar\u00edstico"},"content":{"rendered":"<p>Teremos quatro document\u00e1rios da s\u00e9rie <span style=\"color: #0000ff\"><strong><span style=\"color: #ffcc00\">S<\/span><span style=\"color: #ffcc00\">ervos e Servas de  Deus<\/span><\/strong><\/span>, apresentado por Fl\u00e1via Soares da Comunidade Can\u00e7\u00e3o Nova, onde ser\u00e1 mostrado a vida de brasileiros e brasileiras que  podem ser elevados aos altares.<\/p>\n<p>O Primeiro document\u00e1rio, que esta dividido em quatro partes, \u00e9 sobre a Madre Maria Teresa de Jesus Eucar\u00edsitico, que enferma veio fazer o tratamento em <strong><span style=\"color: #ff0000\">S\u00e3o Jos\u00e9 dos Campos<\/span> <\/strong>e com o seu trabalho nasceu o Instituto de Pequena Mission\u00e1ria de Maria Imaculada.<\/p>\n<p>Confira a primeira parte:<\/p>\n<p><object classid=\"d27cdb6e-ae6d-11cf-96b8-444553540000\" width=\"500\" height=\"405\"><param name=\"allowFullScreen\" value=\"true\" \/><param name=\"allowscriptaccess\" value=\"always\" \/><param name=\"src\" value=\"http:\/\/www.youtube.com\/v\/sw8rs9oELv0&amp;hl=pt_BR&amp;fs=1&amp;rel=0&amp;color1=0x2b405b&amp;color2=0x6b8ab6&amp;border=1\" \/><embed type=\"application\/x-shockwave-flash\" width=\"500\" height=\"405\" src=\"http:\/\/www.youtube.com\/v\/sw8rs9oELv0&amp;hl=pt_BR&amp;fs=1&amp;rel=0&amp;color1=0x2b405b&amp;color2=0x6b8ab6&amp;border=1\" allowscriptaccess=\"always\" allowfullscreen=\"true\"><\/embed><\/object><\/p>\n","protected":false},"excerpt":{"rendered":"<p>Teremos quatro document\u00e1rios da s\u00e9rie Servos e Servas de Deus, apresentado por Fl\u00e1via Soares da Comunidade Can\u00e7\u00e3o Nova, onde ser\u00e1 mostrado a vida de brasileiros e brasileiras que podem ser elevados aos altares. O Primeiro document\u00e1rio, que esta dividido em&#8230;<\/p>\n","protected":false},"author":2611,"featured_media":0,"comment_status":"open","ping_status":"open","sticky":false,"template":"","format":"standard","meta":{"_mi_skip_tracking":false,"_monsterinsights_sitenote_active":false,"_monsterinsights_sitenote_note":"","_monsterinsights_sitenote_category":0,"footnotes":""},"categories":[2621],"tags":[17460,14931,32270,32388,16895,3691],"_links":{"self":[{"href":"https:\/\/blog.cancaonova.com\/saojosedoscampos\/wp-json\/wp\/v2\/posts\/11543"}],"collection":[{"href":"https:\/\/blog.cancaonova.com\/saojosedoscampos\/wp-json\/wp\/v2\/posts"}],"about":[{"href":"https:\/\/blog.cancaonova.com\/saojosedoscampos\/wp-json\/wp\/v2\/types\/post"}],"author":[{"embeddable":true,"href":"https:\/\/blog.cancaonova.com\/saojosedoscampos\/wp-json\/wp\/v2\/users\/2611"}],"replies":[{"embeddable":true,"href":"https:\/\/blog.cancaonova.com\/saojosedoscampos\/wp-json\/wp\/v2\/comments?post=11543"}],"version-history":[{"count":12,"href":"https:\/\/blog.cancaonova.com\/saojosedoscampos\/wp-json\/wp\/v2\/posts\/11543\/revisions"}],"predecessor-version":[{"id":11546,"href":"https:\/\/blog.cancaonova.com\/saojosedoscampos\/wp-json\/wp\/v2\/posts\/11543\/revisions\/11546"}],"wp:attachment":[{"href":"https:\/\/blog.cancaonova.com\/saojosedoscampos\/wp-json\/wp\/v2\/media?parent=11543"}],"wp:term":[{"taxonomy":"category","embeddable":true,"href":"https:\/\/blog.cancaonova.com\/saojosedoscampos\/wp-json\/wp\/v2\/categories?post=11543"},{"taxonomy":"post_tag","embeddable":true,"href":"https:\/\/blog.cancaonova.com\/saojosedoscampos\/wp-json\/wp\/v2\/tags?post=11543"}],"curies":[{"name":"wp","href":"https:\/\/api.w.org\/{rel}","templated":true}]}}