{"id":13351,"date":"2011-01-13T13:55:02","date_gmt":"2011-01-13T16:55:02","guid":{"rendered":"http:\/\/blog.cancaonova.com\/saojosedoscampos\/?p=13351"},"modified":"2011-01-13T14:47:25","modified_gmt":"2011-01-13T17:47:25","slug":"campanha-de-soliedariedade-pelas-vitimas-das-enchentes","status":"publish","type":"post","link":"https:\/\/blog.cancaonova.com\/saojosedoscampos\/diocese-de-s-jose-dos-campos\/campanha-de-soliedariedade-pelas-vitimas-das-enchentes\/","title":{"rendered":"Campanha de Soliedariedade pelas V\u00edtimas das Enchentes"},"content":{"rendered":"<p style=\"text-align: center;\"><span style=\"font-family: verdana,geneva; font-size: x-small;\"><a href=\"http:\/\/blog.cancaonova.com\/saojosedoscampos\/files\/2011\/01\/n_g_caritas_site2.jpg\"><img loading=\"lazy\" decoding=\"async\" class=\"size-medium wp-image-13354  aligncenter\" title=\"Caritas\" src=\"http:\/\/blog.cancaonova.com\/saojosedoscampos\/files\/2011\/01\/n_g_caritas_site2.jpg\" alt=\"\" width=\"227\" height=\"175\" \/><\/a><\/span><\/p>\n<p style=\"text-align: right;\">\u00a0<\/p>\n<p style=\"text-align: right;\"><span style=\"font-family: verdana,geneva; font-size: x-small;\">S\u00e3o Jos\u00e9 dos Campos, 11 de janeiro de 2011<\/span><\/p>\n<p align=\"center\"><span style=\"font-family: verdana,geneva; font-size: x-small;\"><strong><span style=\"text-decoration: underline;\">COMUNICADO URGENTE<\/span><\/strong><\/span><\/p>\n<p align=\"left\"><span style=\"font-family: verdana,geneva; font-size: x-small;\">A paz de Cristo!<\/span><\/p>\n<p align=\"justify\"><span style=\"font-family: verdana,geneva; font-size: x-small;\">A pedido do nosso bispo Dom Moacir Silva, a C\u00e1ritas Diocesana de S\u00e3o Jos\u00e9 dos Campos inicia em car\u00e1ter de urg\u00eancia uma campanha de solidariedade em favor das v\u00edtimas atingidas pelas fortes chuvas que afetaram os moradores do bairro Rio Comprido, regi\u00e3o sul de S\u00e3o Jos\u00e9 dos Campos, no \u00faltimo dia 10 de janeiro.<\/span><\/p>\n<p align=\"justify\"><span style=\"font-family: verdana,geneva; font-size: x-small;\"><strong>Pensando em auxiliar essas fam\u00edlias, a C\u00e1ritas far\u00e1 uma coleta de materiais que ser\u00e3o enviados imediatamente para atender os desabrigados. Est\u00e3o sendo solicitados: <span style=\"text-decoration: underline;\">materiais de limpeza<\/span> (\u00e1gua sanit\u00e1ria, desinfetante, \u00e1lcool etc) e de <span style=\"text-decoration: underline;\">higiene pessoal<\/span> (creme dental, sabonete, touca, luvas descart\u00e1veis, escovas etc), <span style=\"text-decoration: underline;\">leite em p\u00f3<\/span>, al\u00e9m de <span style=\"text-decoration: underline;\">utens\u00edlios dom\u00e9sticos<\/span> como colch\u00f5es, m\u00f3veis, roupas, cal\u00e7ados e eletrodom\u00e9sticos.<\/strong><\/span><\/p>\n<p align=\"justify\"><span style=\"font-family: verdana,geneva; font-size: x-small;\">Para participar desta a\u00e7\u00e3o, solicitamos apenas que providencie um local, na pr\u00f3pria par\u00f3quia, para que as pessoas possam fazer as doa\u00e7\u00f5es. Logo que houver uma certa quantidade de produtos, favor contatar a C\u00e1ritas Diocesana de S\u00e3o Jos\u00e9 dos Campos que se responsabilizar\u00e1 pela retirada dos materiais no local.<\/span><\/p>\n<p align=\"justify\"><span style=\"font-family: verdana,geneva; font-size: x-small;\">A C\u00e1ritas tamb\u00e9m est\u00e1 disponibilizando sua conta corrente para que a popula\u00e7\u00e3o fa\u00e7a doa\u00e7\u00f5es em dinheiro que v\u00e3o atender necessidades emergenciais dessas fam\u00edlias. Os dep\u00f3sitos devem ser feitos no banco Santander, ag\u00eancia 0093 \u2013 conta corrente 13.005.623-8, em nome da C\u00e1ritas Diocesana.<\/span><\/p>\n<p align=\"justify\"><span style=\"font-family: verdana,geneva; font-size: x-small;\">Cientes de sua aten\u00e7\u00e3o, pedimos que divulgue esta a\u00e7\u00e3o solid\u00e1ria em sua par\u00f3quia e comunidades, especialmente nas missas, e desde j\u00e1 agradecemos. Colocamo-nos \u00e0 disposi\u00e7\u00e3o para mais informa\u00e7\u00f5es atrav\u00e9s dos telefones 3911-3225 e <span style=\"font-family: verdana,geneva; font-size: x-small;\">3303-1820<\/span>. <\/span><\/p>\n<p align=\"justify\"><span style=\"font-family: verdana,geneva; font-size: x-small;\">Atenciosamente,<\/span><\/p>\n<p align=\"center\">\n<div><span style=\"font-family: verdana,geneva; font-size: x-small;\"><strong>Di\u00e1cono Jo\u00e3o Mendes Pereira<br \/>\n<\/strong><\/span><\/div>\n<p><span style=\"font-family: verdana,geneva; font-size: x-small;\"><\/p>\n<p align=\"center\"><em>Presidente<br \/>\nC\u00e1ritas Diocesana de S\u00e3o Jos\u00e9 dos Campos<\/em><\/p>\n<p>\u00a0<\/p>\n<p><em>Fonte: <\/em><a href=\"http:\/\/www.diocese-sjc.org.br\/\"><em>http:\/\/www.diocese-sjc.org.br\/<\/em><\/a><\/p>\n<p><\/span><\/p>\n","protected":false},"excerpt":{"rendered":"<p>\u00a0 S\u00e3o Jos\u00e9 dos Campos, 11 de janeiro de 2011 COMUNICADO URGENTE A paz de Cristo! A pedido do nosso bispo Dom Moacir Silva, a C\u00e1ritas Diocesana de S\u00e3o Jos\u00e9 dos Campos inicia em car\u00e1ter de urg\u00eancia uma campanha de&#8230;<\/p>\n","protected":false},"author":2611,"featured_media":0,"comment_status":"open","ping_status":"open","sticky":false,"template":"","format":"standard","meta":{"_mi_skip_tracking":false,"_monsterinsights_sitenote_active":false,"_monsterinsights_sitenote_note":"","_monsterinsights_sitenote_category":0,"footnotes":""},"categories":[228943],"tags":[],"_links":{"self":[{"href":"https:\/\/blog.cancaonova.com\/saojosedoscampos\/wp-json\/wp\/v2\/posts\/13351"}],"collection":[{"href":"https:\/\/blog.cancaonova.com\/saojosedoscampos\/wp-json\/wp\/v2\/posts"}],"about":[{"href":"https:\/\/blog.cancaonova.com\/saojosedoscampos\/wp-json\/wp\/v2\/types\/post"}],"author":[{"embeddable":true,"href":"https:\/\/blog.cancaonova.com\/saojosedoscampos\/wp-json\/wp\/v2\/users\/2611"}],"replies":[{"embeddable":true,"href":"https:\/\/blog.cancaonova.com\/saojosedoscampos\/wp-json\/wp\/v2\/comments?post=13351"}],"version-history":[{"count":3,"href":"https:\/\/blog.cancaonova.com\/saojosedoscampos\/wp-json\/wp\/v2\/posts\/13351\/revisions"}],"predecessor-version":[{"id":13353,"href":"https:\/\/blog.cancaonova.com\/saojosedoscampos\/wp-json\/wp\/v2\/posts\/13351\/revisions\/13353"}],"wp:attachment":[{"href":"https:\/\/blog.cancaonova.com\/saojosedoscampos\/wp-json\/wp\/v2\/media?parent=13351"}],"wp:term":[{"taxonomy":"category","embeddable":true,"href":"https:\/\/blog.cancaonova.com\/saojosedoscampos\/wp-json\/wp\/v2\/categories?post=13351"},{"taxonomy":"post_tag","embeddable":true,"href":"https:\/\/blog.cancaonova.com\/saojosedoscampos\/wp-json\/wp\/v2\/tags?post=13351"}],"curies":[{"name":"wp","href":"https:\/\/api.w.org\/{rel}","templated":true}]}}