{"id":13596,"date":"2011-01-30T13:59:42","date_gmt":"2011-01-30T16:59:42","guid":{"rendered":"http:\/\/blog.cancaonova.com\/saojosedoscampos\/?p=13596"},"modified":"2011-01-30T15:32:54","modified_gmt":"2011-01-30T18:32:54","slug":"paroquia-de-santa-ines-celebra-sua-padoreira","status":"publish","type":"post","link":"https:\/\/blog.cancaonova.com\/saojosedoscampos\/diocese-de-s-jose-dos-campos\/paroquia-de-santa-ines-celebra-sua-padoreira\/","title":{"rendered":"Par\u00f3quia de Santa In\u00eas, celebra sua Padoreira!"},"content":{"rendered":"<p>Instalada em 03 deoutubro de 2010, a Par\u00f3quia Santa In\u00eas &#8211; Jardim Santa In\u00eas I &#8211; SJC, celebra sua primeira festa. A Can\u00e7\u00e3o Nova &#8211; S\u00e3o jos\u00e9 dos Campos fez a cobertura e\u00a0 entrevistou o P\u00e1roco Padre\u00a0 Sebasti\u00e3o C\u00e9sar Barbosa e Dom Moacir Silva &#8211; bispo diocesano de S\u00e3o Jos\u00e9 dos Campos, que presidiu a Missa Solene da festa, \u00e0s 10:00 da manh\u00e3.<\/p>\n<p>Ou\u00e7a Dom Moacir Silva:[audio:http:\/\/www.podcast1.com.br\/canais\/canal3335\/Dom_Moacir_-_festa_de_Sta_Ines.mp3]<\/p>\n<p>Ou\u00e7a Padre Sebasti\u00e3o C\u00e9sar  Barbosa:[audio:http:\/\/www.podcast1.com.br\/canais\/canal3335\/Padre_Sebastiao-_Paroquia_Sta_Ines_-_SJC.mp3]<\/p>\n<p>Voc\u00ea foi \u00e0 festa? Deixe seu coment\u00e1rio.<\/p>\n<p><a href=\"http:\/\/blog.cancaonova.com\/saojosedoscampos\/files\/2011\/01\/Festa-de-Santa-In\u00eas.jpg\"><img loading=\"lazy\" decoding=\"async\" class=\"aligncenter size-thumbnail wp-image-13600\" src=\"http:\/\/blog.cancaonova.com\/saojosedoscampos\/files\/2011\/01\/Festa-de-Santa-In\u00eas-150x150.jpg\" alt=\"\" width=\"150\" height=\"150\" \/><\/a><\/p>\n","protected":false},"excerpt":{"rendered":"<p>Instalada em 03 deoutubro de 2010, a Par\u00f3quia Santa In\u00eas &#8211; Jardim Santa In\u00eas I &#8211; SJC, celebra sua primeira festa. A Can\u00e7\u00e3o Nova &#8211; S\u00e3o jos\u00e9 dos Campos fez a cobertura e\u00a0 entrevistou o P\u00e1roco Padre\u00a0 Sebasti\u00e3o C\u00e9sar Barbosa&#8230;<\/p>\n","protected":false},"author":2611,"featured_media":0,"comment_status":"open","ping_status":"open","sticky":false,"template":"","format":"standard","meta":{"_mi_skip_tracking":false,"_monsterinsights_sitenote_active":false,"_monsterinsights_sitenote_note":"","_monsterinsights_sitenote_category":0,"footnotes":""},"categories":[228943],"tags":[],"_links":{"self":[{"href":"https:\/\/blog.cancaonova.com\/saojosedoscampos\/wp-json\/wp\/v2\/posts\/13596"}],"collection":[{"href":"https:\/\/blog.cancaonova.com\/saojosedoscampos\/wp-json\/wp\/v2\/posts"}],"about":[{"href":"https:\/\/blog.cancaonova.com\/saojosedoscampos\/wp-json\/wp\/v2\/types\/post"}],"author":[{"embeddable":true,"href":"https:\/\/blog.cancaonova.com\/saojosedoscampos\/wp-json\/wp\/v2\/users\/2611"}],"replies":[{"embeddable":true,"href":"https:\/\/blog.cancaonova.com\/saojosedoscampos\/wp-json\/wp\/v2\/comments?post=13596"}],"version-history":[{"count":22,"href":"https:\/\/blog.cancaonova.com\/saojosedoscampos\/wp-json\/wp\/v2\/posts\/13596\/revisions"}],"predecessor-version":[{"id":13619,"href":"https:\/\/blog.cancaonova.com\/saojosedoscampos\/wp-json\/wp\/v2\/posts\/13596\/revisions\/13619"}],"wp:attachment":[{"href":"https:\/\/blog.cancaonova.com\/saojosedoscampos\/wp-json\/wp\/v2\/media?parent=13596"}],"wp:term":[{"taxonomy":"category","embeddable":true,"href":"https:\/\/blog.cancaonova.com\/saojosedoscampos\/wp-json\/wp\/v2\/categories?post=13596"},{"taxonomy":"post_tag","embeddable":true,"href":"https:\/\/blog.cancaonova.com\/saojosedoscampos\/wp-json\/wp\/v2\/tags?post=13596"}],"curies":[{"name":"wp","href":"https:\/\/api.w.org\/{rel}","templated":true}]}}