{"id":13694,"date":"2011-02-09T09:19:34","date_gmt":"2011-02-09T12:19:34","guid":{"rendered":"http:\/\/blog.cancaonova.com\/saojosedoscampos\/?p=13694"},"modified":"2011-02-09T09:27:48","modified_gmt":"2011-02-09T12:27:48","slug":"festa-de-nossa-senhora-de-lourdes-2011","status":"publish","type":"post","link":"https:\/\/blog.cancaonova.com\/saojosedoscampos\/diocese-de-s-jose-dos-campos\/festa-de-nossa-senhora-de-lourdes-2011\/","title":{"rendered":"Festa de Nossa Senhora de Lourdes 2011"},"content":{"rendered":"<p>02 a 11 de fevereiro<br \/>\n\u201cSob o olhar da Senhora de Lourdes caminhamos com Jesus\u201d<\/p>\n<p><strong>09 de fevereiro (Quarta)<br \/>\n<\/strong>\u201cMaria, olhar que evangeliza\u201d<br \/>\n18h45 &#8211; Ladainha Cantada<br \/>\n19h30 &#8211; Missa<br \/>\nPe. Ant\u00f4nio Marcondes Barbosa, scj<\/p>\n<p><strong>10 de fevereiro (Quinta)<br \/>\n<\/strong>\u201cMaria, olhar que salva\u201d<br \/>\n18h30 &#8211; B\u00ean\u00e7\u00e3o do Sant\u00edssimo<br \/>\n18h45 &#8211; Ter\u00e7o<br \/>\n19h30 &#8211; Missa<br \/>\nPe. Zezinho,scj<\/p>\n<p><strong>11 de fevereiro (Sexta) &#8211; Dia de Nossa Senhora de Lourdes<br \/>\n<\/strong>\u201cSob olhar da Senhora de Lourdes caminhamos com Jesus\u201d<br \/>\n6h15 &#8211; Ter\u00e7o<br \/>\n7h &#8211; Missa<br \/>\n11h15 &#8211; Ter\u00e7o<br \/>\n12h &#8211; Missa<br \/>\n15h &#8211; Adora\u00e7\u00e3o Eucar\u00edstica e B\u00ean\u00e7\u00e3o para os enfermos<br \/>\n19h30 &#8211; Missa<br \/>\nDom Moacir Silva<br \/>\nNeste dia haver\u00e1 atendimentode confiss\u00f5es.<\/p>\n<p>Durante a Novena de Nossa Senhora de Lourdes n\u00e3o haver\u00e1 Missas nas Comunidades<\/p>\n<p>Data: 02\/02\/2011<br \/>\nLocal: Rua Palmares, 895 &#8211; Parque Industrial &#8211; S\u00e3o Jos\u00e9 dos Campos<br \/>\nHor\u00e1rio:<br \/>\nInforma\u00e7\u00f5es: 3931-1611 \/ 3933-2920<\/p>\n","protected":false},"excerpt":{"rendered":"<p>Festa de Nossa Senhora de Lourdes em S\u00e3o Jos\u00e9 dos Campos <a href=\"https:\/\/blog.cancaonova.com\/saojosedoscampos\/diocese-de-s-jose-dos-campos\/festa-de-nossa-senhora-de-lourdes-2011\/\">Continue lendo <span class=\"meta-nav\">&rarr;<\/span><\/a><\/p>\n","protected":false},"author":2611,"featured_media":0,"comment_status":"open","ping_status":"open","sticky":false,"template":"","format":"standard","meta":{"_mi_skip_tracking":false,"_monsterinsights_sitenote_active":false,"_monsterinsights_sitenote_note":"","_monsterinsights_sitenote_category":0,"footnotes":""},"categories":[228943],"tags":[40724],"_links":{"self":[{"href":"https:\/\/blog.cancaonova.com\/saojosedoscampos\/wp-json\/wp\/v2\/posts\/13694"}],"collection":[{"href":"https:\/\/blog.cancaonova.com\/saojosedoscampos\/wp-json\/wp\/v2\/posts"}],"about":[{"href":"https:\/\/blog.cancaonova.com\/saojosedoscampos\/wp-json\/wp\/v2\/types\/post"}],"author":[{"embeddable":true,"href":"https:\/\/blog.cancaonova.com\/saojosedoscampos\/wp-json\/wp\/v2\/users\/2611"}],"replies":[{"embeddable":true,"href":"https:\/\/blog.cancaonova.com\/saojosedoscampos\/wp-json\/wp\/v2\/comments?post=13694"}],"version-history":[{"count":3,"href":"https:\/\/blog.cancaonova.com\/saojosedoscampos\/wp-json\/wp\/v2\/posts\/13694\/revisions"}],"predecessor-version":[{"id":13696,"href":"https:\/\/blog.cancaonova.com\/saojosedoscampos\/wp-json\/wp\/v2\/posts\/13694\/revisions\/13696"}],"wp:attachment":[{"href":"https:\/\/blog.cancaonova.com\/saojosedoscampos\/wp-json\/wp\/v2\/media?parent=13694"}],"wp:term":[{"taxonomy":"category","embeddable":true,"href":"https:\/\/blog.cancaonova.com\/saojosedoscampos\/wp-json\/wp\/v2\/categories?post=13694"},{"taxonomy":"post_tag","embeddable":true,"href":"https:\/\/blog.cancaonova.com\/saojosedoscampos\/wp-json\/wp\/v2\/tags?post=13694"}],"curies":[{"name":"wp","href":"https:\/\/api.w.org\/{rel}","templated":true}]}}