{"id":14875,"date":"2010-11-28T15:04:38","date_gmt":"2010-11-28T18:04:38","guid":{"rendered":"http:\/\/blog.cancaonova.com\/saojosedoscampos\/?p=14875"},"modified":"2012-01-09T17:52:02","modified_gmt":"2012-01-09T20:52:02","slug":"eis-o-tempo-de-esperanca","status":"publish","type":"post","link":"https:\/\/blog.cancaonova.com\/saojosedoscampos\/espiritualidade\/eis-o-tempo-de-esperanca\/","title":{"rendered":"Eis o tempo de esperan\u00e7a!"},"content":{"rendered":"<p>Mais uma vez vamos nos preparar para o Natal do Senhor! Que tal prepararmos o pres\u00e9pio no cora\u00e7\u00e3o? Em outros anos j\u00e1 toquei nesse tema. Madre Teresa de Jesus Eucar\u00edstico, fundadora das Pequenas Mission\u00e1rias de Maria Imaculada, fazia um convite \u00e0s irm\u00e3s que vale para todos n\u00f3s. Coloquemos palhas na manjedoura do Menino Jesus. Deixemos o lugar o mais aconchegante poss\u00edvel.<\/p>\n<p>De que maneira? Aproveitemos o Advento, tempo de prepara\u00e7\u00e3o para o nascimento de Jesus, para o exerc\u00edcio das virtudes. Cada virtude torna-se uma palhinha na manjedoura do cora\u00e7\u00e3o. Vamos propor isso em casa. Pequenos sacrif\u00edcios de paci\u00eancia, de perd\u00e3o, de paz e de serenidade podem ir completando o espa\u00e7o interior de nosso ser, para que o Senhor seja bem acolhido.<\/p>\n<p>Onde buscar inspira\u00e7\u00e3o para tais a\u00e7\u00f5es? Contemplemos Maria e Jos\u00e9, pe\u00e7amos a gra\u00e7a de esperar Jesus como O esperaram outrora. Deixemos a esperan\u00e7a reacender o cora\u00e7\u00e3o. Deixemos a f\u00e9, pura como a das crian\u00e7as, renascer em n\u00f3s. Deixemos a caridade suplantar todos os nossos limites. Dessa forma, neste Natal, o pres\u00e9pio n\u00e3o ser\u00e1, por n\u00f3s, somente contemplado, mas sim vivido. Tornar-nos-emos membros da cena, part\u00edcipes da alegria cantada\u00a0pelos anjos, anunciada pela estrela e proclamada pelos pastores e reis.<\/p>\n<p>Entremos na cena que marcou a hist\u00f3ria e que anunciou uma nova e eterna primavera para a humanidade. Est\u00e1 chegando o tempo da ternura e do amor. Resgatemos nossos sonhos. Desde j\u00e1,\u00a0sonhemos com o Menino e deixemo-nos plenificar pela sua Paz. \u201cVigia esperando a aurora qual noiva esperando o amor. \u00c9 assim que o servo espera a vinda do seu Senhor\u201d, \u00e9 o que cantaremos tantas vezes. Vigiemos, portanto! Esperemos com alegria! Ele, mais uma vez, ir\u00e1 chegar!<\/p>\n<p>Aproveitemos o tempo de espera e deixemo-nos tocar pela gra\u00e7a do Senhor. Que o Esp\u00edrito Santo transforme nossas casas e nossas Igrejas na gruta de Bel\u00e9m.Aqui, dentro em pouco, ser\u00e1 Natal, n\u00e3o s\u00f3 no calend\u00e1rio, mas acima de tudo em n\u00f3s!<\/p>\n<div id=\"attachment_14876\" style=\"width: 160px\" class=\"wp-caption alignleft\"><a title=\"Pe. Rinaldo Roberto de Rezende\" href=\"http:\/\/blog.cancaonova.com\/saojosedoscampos\/files\/2011\/11\/PadreRinaldoRezende-150x1501.jpg\"><img loading=\"lazy\" decoding=\"async\" aria-describedby=\"caption-attachment-14876\" class=\"size-full wp-image-14876\" src=\"http:\/\/blog.cancaonova.com\/saojosedoscampos\/files\/2011\/11\/PadreRinaldoRezende-150x1501.jpg\" alt=\"\" width=\"150\" height=\"150\" \/><\/a><p id=\"caption-attachment-14876\" class=\"wp-caption-text\">Pe. Rinaldo Roberto de Rezende - Catedral S\u00e3o Dimas - SJC<\/p><\/div>\n","protected":false},"excerpt":{"rendered":"<p>Mais uma vez vamos nos preparar para o Natal do Senhor! Que tal prepararmos o pres\u00e9pio no cora\u00e7\u00e3o? Em outros anos j\u00e1 toquei nesse tema. Madre Teresa de Jesus Eucar\u00edstico, fundadora das Pequenas Mission\u00e1rias de Maria Imaculada, fazia um convite&#8230;<\/p>\n","protected":false},"author":2611,"featured_media":0,"comment_status":"open","ping_status":"open","sticky":false,"template":"","format":"standard","meta":{"_mi_skip_tracking":false,"_monsterinsights_sitenote_active":false,"_monsterinsights_sitenote_note":"","_monsterinsights_sitenote_category":0,"footnotes":""},"categories":[228943,67],"tags":[],"_links":{"self":[{"href":"https:\/\/blog.cancaonova.com\/saojosedoscampos\/wp-json\/wp\/v2\/posts\/14875"}],"collection":[{"href":"https:\/\/blog.cancaonova.com\/saojosedoscampos\/wp-json\/wp\/v2\/posts"}],"about":[{"href":"https:\/\/blog.cancaonova.com\/saojosedoscampos\/wp-json\/wp\/v2\/types\/post"}],"author":[{"embeddable":true,"href":"https:\/\/blog.cancaonova.com\/saojosedoscampos\/wp-json\/wp\/v2\/users\/2611"}],"replies":[{"embeddable":true,"href":"https:\/\/blog.cancaonova.com\/saojosedoscampos\/wp-json\/wp\/v2\/comments?post=14875"}],"version-history":[{"count":4,"href":"https:\/\/blog.cancaonova.com\/saojosedoscampos\/wp-json\/wp\/v2\/posts\/14875\/revisions"}],"predecessor-version":[{"id":14983,"href":"https:\/\/blog.cancaonova.com\/saojosedoscampos\/wp-json\/wp\/v2\/posts\/14875\/revisions\/14983"}],"wp:attachment":[{"href":"https:\/\/blog.cancaonova.com\/saojosedoscampos\/wp-json\/wp\/v2\/media?parent=14875"}],"wp:term":[{"taxonomy":"category","embeddable":true,"href":"https:\/\/blog.cancaonova.com\/saojosedoscampos\/wp-json\/wp\/v2\/categories?post=14875"},{"taxonomy":"post_tag","embeddable":true,"href":"https:\/\/blog.cancaonova.com\/saojosedoscampos\/wp-json\/wp\/v2\/tags?post=14875"}],"curies":[{"name":"wp","href":"https:\/\/api.w.org\/{rel}","templated":true}]}}