{"id":18326,"date":"2019-04-21T11:53:28","date_gmt":"2019-04-21T14:53:28","guid":{"rendered":"http:\/\/blog.cancaonova.com\/saojosedoscampos\/?p=18326"},"modified":"2019-05-23T15:08:10","modified_gmt":"2019-05-23T18:08:10","slug":"quarta-feira-da-providencia","status":"publish","type":"post","link":"https:\/\/blog.cancaonova.com\/saojosedoscampos\/sem-categoria\/quarta-feira-da-providencia\/","title":{"rendered":"Quarta-feira da Provid\u00eancia!"},"content":{"rendered":"<h2>Quarta &#8211; feira da Provid\u00eancia, um dia especial em S\u00e3o Jos\u00e9 dos Campos.<\/h2>\n<p><iframe loading=\"lazy\" title=\"Quarta-feira da Provid\u00c3\u00aancia - S\u00c3\u00a3o Jos\u00c3\u00a9 dos Campos\" width=\"600\" height=\"338\" src=\"https:\/\/www.youtube.com\/embed\/D4hcxbpSwW0?feature=oembed&amp;rel=0\" frameborder=\"0\" allow=\"accelerometer; autoplay; clipboard-write; encrypted-media; gyroscope; picture-in-picture; web-share\" referrerpolicy=\"strict-origin-when-cross-origin\" allowfullscreen><\/iframe><\/p>\n<p style=\"text-align: center\">&nbsp;<\/p>\n<p>A Comunidade Can\u00e7\u00e3o Nova Promover\u00e1 no pr\u00f3ximo dia 22 de Maio, dia de Santa Rita de C\u00e1ssia, em sua sede, na Rua Itoror\u00f3,186, Jardim Paulista, em frente \u00e0 rodovi\u00e1ria nova, a Quarta-feira da Provid\u00eancia.<\/p>\n<p>Ser\u00e1 um dia de ora\u00e7\u00e3o e iniciativas em prol do projeto dai-me almas. Teremos os programas transmitidos pela <a href=\"https:\/\/tv.cancaonova.com\/\" target=\"_blank\" rel=\"noopener\">TV Can\u00e7\u00e3o Nova<\/a> e <a href=\"http:\/\/radio.cancaonova.com\/sao-jose-dos-campos\/\" target=\"_blank\" rel=\"noopener\">R\u00e1dio Can\u00e7\u00e3o Nova<\/a> &#8220;No Cora\u00e7\u00e3o do Vale&#8221;: Amor Vencer\u00e1, Juntos somos + e a ora\u00e7\u00e3o do Ter\u00e7o da Miseric\u00f3rdia. Finalizaremos este dia com a Santa Missa que ser\u00e1 celebrada pelo Padre Joaquim Jos\u00e9 \u00e0s 16h.<\/p>\n<p>Voc\u00ea \u00e9 nosso convidado. Traga sua fam\u00edlia, organize sua caravana e venha viver este dia conosco de ora\u00e7\u00e3o.<\/p>\n<p>Para ajudar no <a href=\"https:\/\/formacao.cancaonova.com\/espiritualidade\/vida-de-oracao\/como-viver-da-divina-providencia-em-tempos-dificeis\/\">Projeto Dai-me almas<\/a>, voc\u00ea poder\u00e1 trazer bolos, tortas salgadas e outras iniciativas para compor a lanchonete da provid\u00eancia, bem como, doa\u00e7\u00f5es de roupas e artesanatos para o bazar.<\/p>\n<p>Programa\u00e7\u00e3o deste dia:<\/p>\n<p>9h &#8211; Bazar e lanchonete da provid\u00eancia<br \/>\n11h &#8211; Programa &#8220;O amor vencer\u00e1&#8221;: Flavinho e Salette Ferreira<br \/>\n14h &#8211; Programa &#8220;Juntos Somos +&#8221;: Cristiane Silva, L\u00facio Dom\u00edcio e Camila Alves<br \/>\n15h &#8211; Programa &#8220;Ter\u00e7o da Miseric\u00f3rdia&#8221;: Pe. U\u00e9llison, Patr\u00edcia Mendes e Eliana Ribeiro<br \/>\n16h &#8211; Santa Missa votiva a Santa Rita clamando pelo seu imposs\u00edvel: Pe. Joaquim Jos\u00e9<\/p>\n<p>Desde j\u00e1 a Can\u00e7\u00e3o Nova em S\u00e3o Jos\u00e9 dos Campos agradece a sua presen\u00e7a!&nbsp;<\/p>\n","protected":false},"excerpt":{"rendered":"<p>Quarta &#8211; feira da Provid\u00eancia, um dia especial em S\u00e3o Jos\u00e9 dos Campos. &nbsp; A Comunidade Can\u00e7\u00e3o Nova Promover\u00e1 no pr\u00f3ximo dia 22 de Maio, dia de Santa Rita de C\u00e1ssia, em sua sede, na Rua Itoror\u00f3,186, Jardim Paulista, em&#8230;<\/p>\n","protected":false},"author":4722,"featured_media":18327,"comment_status":"open","ping_status":"open","sticky":false,"template":"","format":"video","meta":{"_mi_skip_tracking":false,"_monsterinsights_sitenote_active":false,"_monsterinsights_sitenote_note":"","_monsterinsights_sitenote_category":0,"footnotes":""},"categories":[4],"tags":[18028,17019,2821,17411,24323],"_links":{"self":[{"href":"https:\/\/blog.cancaonova.com\/saojosedoscampos\/wp-json\/wp\/v2\/posts\/18326"}],"collection":[{"href":"https:\/\/blog.cancaonova.com\/saojosedoscampos\/wp-json\/wp\/v2\/posts"}],"about":[{"href":"https:\/\/blog.cancaonova.com\/saojosedoscampos\/wp-json\/wp\/v2\/types\/post"}],"author":[{"embeddable":true,"href":"https:\/\/blog.cancaonova.com\/saojosedoscampos\/wp-json\/wp\/v2\/users\/4722"}],"replies":[{"embeddable":true,"href":"https:\/\/blog.cancaonova.com\/saojosedoscampos\/wp-json\/wp\/v2\/comments?post=18326"}],"version-history":[{"count":8,"href":"https:\/\/blog.cancaonova.com\/saojosedoscampos\/wp-json\/wp\/v2\/posts\/18326\/revisions"}],"predecessor-version":[{"id":18375,"href":"https:\/\/blog.cancaonova.com\/saojosedoscampos\/wp-json\/wp\/v2\/posts\/18326\/revisions\/18375"}],"wp:featuredmedia":[{"embeddable":true,"href":"https:\/\/blog.cancaonova.com\/saojosedoscampos\/wp-json\/wp\/v2\/media\/18327"}],"wp:attachment":[{"href":"https:\/\/blog.cancaonova.com\/saojosedoscampos\/wp-json\/wp\/v2\/media?parent=18326"}],"wp:term":[{"taxonomy":"category","embeddable":true,"href":"https:\/\/blog.cancaonova.com\/saojosedoscampos\/wp-json\/wp\/v2\/categories?post=18326"},{"taxonomy":"post_tag","embeddable":true,"href":"https:\/\/blog.cancaonova.com\/saojosedoscampos\/wp-json\/wp\/v2\/tags?post=18326"}],"curies":[{"name":"wp","href":"https:\/\/api.w.org\/{rel}","templated":true}]}}