{"id":19413,"date":"2020-10-01T08:17:47","date_gmt":"2020-10-01T11:17:47","guid":{"rendered":"http:\/\/blog.cancaonova.com\/saojosedoscampos\/?p=19413"},"modified":"2020-10-01T08:17:47","modified_gmt":"2020-10-01T11:17:47","slug":"dia-de-santa-teresinha-menino-jesus","status":"publish","type":"post","link":"https:\/\/blog.cancaonova.com\/saojosedoscampos\/espiritualidade\/dia-de-santa-teresinha-menino-jesus\/","title":{"rendered":"Dia de Santa Teresinha do Menino Jesus"},"content":{"rendered":"<h2 style=\"text-align: center\">Santa Teresinha, rogai por n\u00f3s<\/h2>\n<p style=\"text-align: center\"><a href=\"http:\/\/blog.cancaonova.com\/saojosedoscampos\/files\/2020\/10\/Santo-do-dia.png\"><img loading=\"lazy\" decoding=\"async\" class=\"alignnone size-medium wp-image-19414\" src=\"http:\/\/blog.cancaonova.com\/saojosedoscampos\/files\/2020\/10\/Santo-do-dia-300x169.png\" alt=\"\" width=\"300\" height=\"169\" srcset=\"https:\/\/blog.cancaonova.com\/saojosedoscampos\/files\/2020\/10\/Santo-do-dia-300x169.png 300w, https:\/\/blog.cancaonova.com\/saojosedoscampos\/files\/2020\/10\/Santo-do-dia-768x432.png 768w, https:\/\/blog.cancaonova.com\/saojosedoscampos\/files\/2020\/10\/Santo-do-dia-384x216.png 384w, https:\/\/blog.cancaonova.com\/saojosedoscampos\/files\/2020\/10\/Santo-do-dia-512x288.png 512w, https:\/\/blog.cancaonova.com\/saojosedoscampos\/files\/2020\/10\/Santo-do-dia.png 1024w\" sizes=\"(max-width: 300px) 100vw, 300px\" \/><\/a><\/p>\n<p>Santa Teresinha do Menino Jesus e da Sagrada Face, ou Santa Teresa de Lisieux, ou ainda, Santa Teresinha das Rosas. Tantos nomes para uma \u2018\u201cpequena\u201d alma que encantou o mundo com t\u00e3o pouco tempo de vida, pois morreu aos 24 anos por uma tuberculose.<\/p>\n<p>Santa Teresinha passou sua inf\u00e2ncia e adolesc\u00eancia se adaptando \u00e0s perdas e lutando contra os sofrimentos que elas lhe causavam, inclusive graves doen\u00e7as. Perdeu sua m\u00e3e muito nova, aos 4 anos de idade, e suas irm\u00e3s foram aos poucos saindo de casa para se dedicarem \u00e0 vida religiosa. J\u00e1 em sua vida adulta, com 21 anos, perdeu tamb\u00e9m seu pai, o que lhe causou grande sofrimento.<\/p>\n<p>\u2018\u00d3 Bom Deus, me d\u00e1 coragem na propor\u00e7\u00e3o dos meus sofrimentos\u2019.<\/p>\n<p>A hist\u00f3ria da vida de Santa Terezinha \u00e9 extremamente rica e deve ser conhecida por todos, pois \u00e9 esta a grande Santa dos tempos modernos!<\/p>\n<p>A pequena Teresa fez-se Ela mesma uma palavra de Deus [&#8230;]. \u201cA pequena Teresa do Menino Jesus nos diz que h\u00e1 um modo f\u00e1cil de participarmos de todas as maiores e heroicas obras do zelo apost\u00f3lico, por meio da ora\u00e7\u00e3o\u201d. Papa Pio XI<\/p>\n<p>Terezinha n\u00e3o se achava dotada de grandes talentos e virtudes e sentia-se muito pequena para alcan\u00e7ar a santidade. Quando se comparava aos Santos via que a dist\u00e2ncia entre eles era a mesma que existe entre a montanha e um pequeno gr\u00e3o de areia. Achava a santidade muito distante, mas em seu cora\u00e7\u00e3o ardia o desejo do C\u00e9u.<\/p>\n<p>\u2018N\u00e3o consigo crescer, devo suportar-me como sou, com todas as minhas imperfei\u00e7\u00f5es\u2019.<\/p>\n<p>\u201cDeus n\u00e3o poderia me inspirar desejos irrealiz\u00e1veis, portanto, posso, apesar da minha pequenez, aspirar \u00e0 santidade\u201d.<\/p>\n<p>E foi nessa luta de encontrar o caminho que a levaria ao C\u00e9u, que ela nos deixa um grande ensinamento que \u00e9 a Pequena Via ou o Pequeno Caminho, uma forma de viver a caminho da santidade.<\/p>\n<p>Teresa, depois de alcan\u00e7ar certa maturidade, escolheu se dedicar a uma vida de pequenos sacrif\u00edcios e de renunciar a pequenas coisas que muitas vezes ningu\u00e9m notava. Dedicava-se a fazer tudo com muito amor, com grande amor, e essa foi a sua voca\u00e7\u00e3o.<\/p>\n<p>\u2018\u00d3 Jesus, meu Amor\u2026 minha voca\u00e7\u00e3o, enfim, eu a encontrei, minha voca\u00e7\u00e3o \u00e9 o Amor!<\/p>\n<p>Teresa descobre que o seu lugar era no cora\u00e7\u00e3o da igreja onde habitava o amor e ela passaria ent\u00e3o a ser o amor para as pessoas e a coloc\u00e1-lo em tudo o que fazia. Transformava todas as coisas pelo amor, fazia o ordin\u00e1rio ser extraordin\u00e1rio. Teresa compreende que o caminho que a levaria ao c\u00e9u seria o de pequenos atos reunidos e feitos com amor.<\/p>\n<p>\u201cCompreendi que o Amor englobava todas as voca\u00e7\u00f5es, que o Amor era tudo\u2026 Compreendi que meu amor n\u00e3o se devia traduzir somente por palavras&#8230;. N\u00e3o \u00e9 bastante amar, \u00e9 preciso prov\u00e1-lo!\u201d<\/p>\n<p>Aparentemente um caminho t\u00e3o simples a ser seguido, mas ao mesmo tempo t\u00e3o complexo. Como fazer tudo com amor? Como esquecer as minhas vontades e os meus desejos?<\/p>\n<p>\u00c9 a pr\u00f3pria Teresa quem nos responde em um de seus manuscritos:<\/p>\n<p>\u201cO que agrada a Deus em minha pequena alma, \u00e9 que eu ame a minha pequenez e minha pobreza. \u00c9 a esperan\u00e7a cega que tenho em sua miseric\u00f3rdia. Eis o meu \u00fanico tesouro, esse tesouro n\u00e3o seria tamb\u00e9m vosso?\u201d<\/p>\n<p>O segredo da pequena via de Santa Teresa, n\u00e3o est\u00e1 na sua grande vontade de amar e de se doar, mas sim, na disponibilidade em receber o amor de Deus e de cooperar com o Seu projeto.<\/p>\n<p>\u201cQuanto mais s\u00ea fraco, sem desejos nem virtudes, mas est\u00e1 apto as coopera\u00e7\u00f5es desse amor consumador e transformante.\u201d<\/p>\n<p>Tudo isso se transforma em um grande est\u00edmulo para n\u00f3s, que desejamos o C\u00e9u, por\u00e9m nos vemos t\u00e3o pecadores e limitados. O grande caminho \u00e9 come\u00e7ar, a partir de agora, a fazer TUDO, com TODO o amor que cabe em seu peito. A n\u00e3o renunciar aos pequenos sacrif\u00edcios de nossa vida e a colocar Deus em primeiro lugar.<\/p>\n<p>Santa Teresinha do Menino Jesus, rogai por n\u00f3s!<\/p>\n<p>Francine Peixoto<\/p>\n<p>Comunidade Can\u00e7\u00e3o Nova<\/p>\n","protected":false},"excerpt":{"rendered":"<p>Santa Teresinha, rogai por n\u00f3s Santa Teresinha do Menino Jesus e da Sagrada Face, ou Santa Teresa de Lisieux, ou ainda, Santa Teresinha das Rosas. Tantos nomes para uma \u2018\u201cpequena\u201d alma que encantou o mundo com t\u00e3o pouco tempo de&#8230;<\/p>\n","protected":false},"author":4722,"featured_media":19415,"comment_status":"open","ping_status":"open","sticky":false,"template":"","format":"standard","meta":{"_mi_skip_tracking":false,"_monsterinsights_sitenote_active":false,"_monsterinsights_sitenote_note":"","_monsterinsights_sitenote_category":0,"footnotes":""},"categories":[67],"tags":[],"_links":{"self":[{"href":"https:\/\/blog.cancaonova.com\/saojosedoscampos\/wp-json\/wp\/v2\/posts\/19413"}],"collection":[{"href":"https:\/\/blog.cancaonova.com\/saojosedoscampos\/wp-json\/wp\/v2\/posts"}],"about":[{"href":"https:\/\/blog.cancaonova.com\/saojosedoscampos\/wp-json\/wp\/v2\/types\/post"}],"author":[{"embeddable":true,"href":"https:\/\/blog.cancaonova.com\/saojosedoscampos\/wp-json\/wp\/v2\/users\/4722"}],"replies":[{"embeddable":true,"href":"https:\/\/blog.cancaonova.com\/saojosedoscampos\/wp-json\/wp\/v2\/comments?post=19413"}],"version-history":[{"count":1,"href":"https:\/\/blog.cancaonova.com\/saojosedoscampos\/wp-json\/wp\/v2\/posts\/19413\/revisions"}],"predecessor-version":[{"id":19416,"href":"https:\/\/blog.cancaonova.com\/saojosedoscampos\/wp-json\/wp\/v2\/posts\/19413\/revisions\/19416"}],"wp:featuredmedia":[{"embeddable":true,"href":"https:\/\/blog.cancaonova.com\/saojosedoscampos\/wp-json\/wp\/v2\/media\/19415"}],"wp:attachment":[{"href":"https:\/\/blog.cancaonova.com\/saojosedoscampos\/wp-json\/wp\/v2\/media?parent=19413"}],"wp:term":[{"taxonomy":"category","embeddable":true,"href":"https:\/\/blog.cancaonova.com\/saojosedoscampos\/wp-json\/wp\/v2\/categories?post=19413"},{"taxonomy":"post_tag","embeddable":true,"href":"https:\/\/blog.cancaonova.com\/saojosedoscampos\/wp-json\/wp\/v2\/tags?post=19413"}],"curies":[{"name":"wp","href":"https:\/\/api.w.org\/{rel}","templated":true}]}}