{"id":19517,"date":"2020-12-07T19:10:07","date_gmt":"2020-12-07T22:10:07","guid":{"rendered":"http:\/\/blog.cancaonova.com\/saojosedoscampos\/?p=19517"},"modified":"2021-01-25T22:00:27","modified_gmt":"2021-01-26T01:00:27","slug":"cerco-de-jerico-desperta-desperta-reveste-tua-forca-521","status":"publish","type":"post","link":"https:\/\/blog.cancaonova.com\/saojosedoscampos\/espiritualidade\/cerco-de-jerico-desperta-desperta-reveste-tua-forca-521\/","title":{"rendered":"Cerco de Jeric\u00f3 \"\u00c9 hora de despertar!\" Com o tema: \u201cDesperta, desperta, reveste tua for\u00e7a\u201d Is.52,1\""},"content":{"rendered":"<h3 style=\"text-align: center\">Cerco de Jeric\u00f3 &#8220;\u00c9 hora de despertar!&#8221;<\/h3>\n<h3 style=\"text-align: center\">Com o tema: \u201cDesperta, desperta, reveste tua for\u00e7a\u201d Is.52,1&#8243;<\/h3>\n<p style=\"text-align: left\"><a href=\"http:\/\/blog.cancaonova.com\/saojosedoscampos\/files\/2020\/12\/Cerco-de-Jerico\u0301-Noti\u0301cia-1.png\"><img loading=\"lazy\" decoding=\"async\" class=\"size-medium wp-image-19518 aligncenter\" src=\"http:\/\/blog.cancaonova.com\/saojosedoscampos\/files\/2020\/12\/Cerco-de-Jerico\u0301-Noti\u0301cia-1-300x219.png\" alt=\"\" width=\"300\" height=\"219\" srcset=\"https:\/\/blog.cancaonova.com\/saojosedoscampos\/files\/2020\/12\/Cerco-de-Jerico\u0301-Noti\u0301cia-1-300x219.png 300w, https:\/\/blog.cancaonova.com\/saojosedoscampos\/files\/2020\/12\/Cerco-de-Jerico\u0301-Noti\u0301cia-1.png 740w\" sizes=\"(max-width: 300px) 100vw, 300px\" \/><\/a><\/p>\n<p>De onde veio a inspira\u00e7\u00e3o para o Cerco de Jeric\u00f3? No Antigo Testamento, depois da morte de Mois\u00e9s, Deus escolheu Josu\u00e9 para conduzir o povo hebreu. E disse a ele que atravessasse o Jord\u00e3o com todo o povo e tomasse posse da Terra Prometida.<\/p>\n<p>A cidade de Jeric\u00f3 era uma fortaleza inexpugn\u00e1vel. Ao chegar junto \u00e0s suas muralhas, Josu\u00e9 ergueu os olhos e viu um anjo, com uma espada na m\u00e3o, que lhe deu ordens concretas e detalhadas. Josu\u00e9 e todo Israel executaram fielmente \u00e0s ordens recebidas: durante seis dias, os valentes guerreiros de Israel deram uma volta em torno da cidade. No s\u00e9timo dia, deram sete voltas. Durante a s\u00e9tima volta, ao som da trombeta, todo o povo levantou um grande clamor e, pelo poder de Deus, as muralhas de Jeric\u00f3 ca\u00edram (cf. Js 6).<\/p>\n<p>Motivados por este acontecimento nos colocamos em ora\u00e7\u00e3o neste primeiro m\u00eas do ano de 2021, para clamar a Deus que intervenha sobre as situa\u00e7\u00f5es de dor na nossa vida; clamando a Deus que se levante com vit\u00f3ria nas nossas fam\u00edlias, igreja, nas nossas desesperan\u00e7as, enfermidades e todas as outras inten\u00e7\u00f5es que trazemos no cora\u00e7\u00e3o.<\/p>\n<p><strong><em>Para participar voc\u00ea poder\u00e1 entrar no link que esta na programa\u00e7\u00e3o abaixo e fazer sua inscri\u00e7\u00e3o<\/em><\/strong><\/p>\n<p><em>De 18 a 24 de Janeiro nos uniremos ao c\u00e9u no Cerco de Jeric\u00f3 &#8220;\u00c9 hora de despertar&#8221;, com o tema: \u201cDesperta, desperta, reveste tua for\u00e7a\u201d (Is.52,1). Estaremos na casa de evangeliza\u00e7\u00e3o da Can\u00e7\u00e3o Nova que fica na rua Itoror\u00f3 186 &#8211; Jardim Paulista &#8211; Em frente \u00e0 rodovi\u00e1ria nova.<\/em><\/p>\n<p><em><strong>Para as pessoas que n\u00e3o conseguirem participar presencialmente transmitiremos todo cerco de jeric\u00f3 ao vivo pela <a href=\"http:\/\/sjc.cancaonova.com\">r\u00e1dio CN\/FM 95.9<\/a> \/ <a href=\"https:\/\/www.youtube.com\/channel\/UCnkuBOb9t2T7VWnaWQwL66w\">YOUTUBE<\/a> \/ <a href=\"https:\/\/www.facebook.com\/cancaonovasjc\">FACEBOOK <\/a><\/strong><\/em><\/p>\n<p><em><strong>Durante todo dia estaremos em adora\u00e7\u00e3o na capela S\u00e3o Jos\u00e9 que fica na nossa casa de evangeliza\u00e7\u00e3o e como n\u00e3o estamos com a capela aberta ao p\u00fablico transmitiremos durante todo dia pelo <a href=\"https:\/\/www.facebook.com\/cancaonovasjc\">facebook<\/a> e <a href=\"https:\/\/www.youtube.com\/channel\/UCnkuBOb9t2T7VWnaWQwL66w\">youtube<\/a>.\u00a0<\/strong><\/em><\/p>\n<h3>Segue nossa programa\u00e7\u00e3o:<\/h3>\n<p>18\/01 \u2013 <strong>19h30<\/strong> Adora\u00e7\u00e3o \/ 20h Santa Missa com Pe. Ivan Paix\u00e3o \u2013 <a href=\"https:\/\/docs.google.com\/forms\/d\/e\/1FAIpQLSdreIbaoqLyR10-AyhGbwcGHvrNNf8FvxWUyyBHyTKxrdQLZQ\/viewform\">LINK PARA INSCRI\u00c7\u00c3O<\/a><em> (Neste dia rezaremos\u00a0pedindo que caiam as muralhas que tem destru\u00eddo\u00a0as fam\u00edlias)<\/em><\/p>\n<p>19 \u2013<strong> 19h30<\/strong> Adora\u00e7\u00e3o \/ 20h Santa Missa com Mario \u2013<a href=\"https:\/\/docs.google.com\/forms\/d\/e\/1FAIpQLSe1pXosR3kUZYjCzsIw7rSG7pWRqySqdk-FTu3WX2x-9Xv52Q\/viewform\"> LINK PARA INSCRI\u00c7\u00c3O<\/a> (Neste dia rezaremos\u00a0pedindo que caiam as muralhas dos complexos de inferioridade)<\/p>\n<p>20 \u2013 <strong>19h30<\/strong> Adora\u00e7\u00e3o \/ 20h Santa Missa com Pe. Chic\u00e3o \u2013 <a href=\"https:\/\/docs.google.com\/forms\/d\/e\/1FAIpQLScfFxyQP8AsjffykO34pdBooFzzKBL0OufST8d6uXK8frvSRA\/viewform\">LINK PARA INSCRI\u00c7\u00c3O<\/a> (Neste dia rezaremos pedindo que caiam as muralhas dos\u00a0transtornos causados pela ansiedade )<\/p>\n<p>21 \u2013 <strong>19h30<\/strong> Adora\u00e7\u00e3o \/ 20h Santa Missa com Pe. Fabricio Andrade \u2013 <a href=\"https:\/\/docs.google.com\/forms\/d\/e\/1FAIpQLSdyFeP2r2nOEm02U29Qxibd9HhEO3KolPtHn0miyfos6gfWnA\/viewform\">LINK PARA INSCRI\u00c7\u00c3O<\/a> (Neste dia rezaremos pedindo que caiam as muralhas do medo)<\/p>\n<p>22 \u2013 <strong>19h30<\/strong> Adora\u00e7\u00e3o \/ 20h Santa Missa com Pe. Ivan\u00a0Paix\u00e3o \u2013 <a href=\"https:\/\/docs.google.com\/forms\/d\/e\/1FAIpQLSf7CjiJomshG_CdtRO8z7Hu888RDpX6omfEyI3hIfODPr7NoA\/viewform\">LINK PARA INSCRI\u00c7\u00c3O<\/a>\u00a0(Neste dia rezaremos pedindo que caiam as muralhas das preocupa\u00e7\u00f5es)<\/p>\n<p>23 \u2013 <strong>19h<\/strong> Adora\u00e7\u00e3o \/ 19h30 Santa Missa com Pe. Fabricio Andrade\u2013 <a href=\"https:\/\/docs.google.com\/forms\/d\/e\/1FAIpQLSdgBIdqPNakPq7lnTaPL1Xs3W8jKflT3J7RjehFNRAUGSJfmQ\/viewform\">LINK PARA INSCRI\u00c7\u00c3O\u00a0<\/a>(Neste dia rezaremos pedindo que caiam as muralhas da falta de perd\u00e3o )<\/p>\n<p>24 \u2013 <strong>19h<\/strong> Adora\u00e7\u00e3o \/ 19h30 Santa <span style=\"font-size: 13.3333px\">Missa<\/span>\u00a0com Pe. Ivan\u00a0Paix\u00e3o \u2013<a href=\"https:\/\/docs.google.com\/forms\/d\/e\/1FAIpQLScwg1n2d_ITh6y0T2OW6U9PlK5YJnq5Y71tNCYTkVDlJ3BM6g\/viewform\"> LINK PARA INSCRI\u00c7\u00c3O.<\/a>\u00a0(Neste dia rezaremos pedindo que caiam as muralhas que nos impedem de alcan\u00e7ar os milagres)<\/p>\n<p>&nbsp;<\/p>\n<p>Ora\u00e7\u00e3o que ser\u00e1 rezada durante o Cerco de Jeric\u00f3 para a cura espiritual e quebra dos la\u00e7os do mal:<\/p>\n<p>&#8220;Jesus, eu sou Teu! Hoje e sempre, minha alma Te pertence. Em tudo e para tudo, sou Teu! Meu passado, meu presente e meu futuro se rendem ao Teu senhorio e majestade, ao Teu poder curativo e libertador. Eu n\u00e3o compactuo com as obras das trevas! Se alguma parte tive com elas, arrependo-me de todo o cora\u00e7\u00e3o e as rejeito, repreendo e renego vivamente. N\u00e3o permito nenhuma manifesta\u00e7\u00e3o maligna em minha vida, sa\u00fade, finan\u00e7as, profiss\u00e3o, estudos, afetividade e relacionamentos.<\/p>\n<p>Sobretudo, n\u00e3o permito nenhuma a\u00e7\u00e3o extraordin\u00e1ria do maligno em minha alma e na alma dos meus como infesta\u00e7\u00e3o, obsess\u00e3o, vexa\u00e7\u00e3o ou possess\u00e3o diab\u00f3lica. Eu me selo, Jesus, com teu Preciosismo Sangue; fui comprado por ele; eu me revisto dele. Eu lacro a minha fam\u00edlia, Jesus, com o mesmo Precios\u00edssimo Sangue. Jesus \u00e9 o Senhor da minha alma! Jesus \u00e9 o Senhor do meu lar e da minha fam\u00edlia, bem como dos lugares a mim ligados. Eu n\u00e3o permito nenhuma manifesta\u00e7\u00e3o em minha vida, nas pessoas e lugares a mim ligados, sen\u00e3o aquela que a Ti, Senhor, agrada e est\u00e1 debaixo da Tua santa e soberana vontade.<br \/>\nEu coloco todo o meu ser, de noite e de dia, onde quer que eu esteja, sob os cuidados d\u2019Aquele que tudo \u00e9, tudo v\u00ea e tudo sabe. Eu tomo posse da minha cura espiritual e da liberta\u00e7\u00e3o de qualquer preju\u00edzo em que eu possa, hoje, estar vivendo por desconhecimento ou desobedi\u00eancia \u00e0 Santa Palavra de Deus e aos demais ensinamentos da Santa Madre Igreja. Jesus \u00e9 o meu Senhor. Nada me falta! Maria \u00e9 a minha Rainha. Am\u00e9m. Aleluia!&#8221;<\/p>\n<p>Liberta-me dos la\u00e7os do mal<\/p>\n<p>&#8220;Senhor Jesus, eu quero me prostrar diante da maior prova do teu amor por mim: a Tua cruz redentora. Reconhe\u00e7o todo meu pecado que pesou sobre Teu Corpo, fazendo com que Teu Sangue jorrasse para o perd\u00e3o desses mesmos pecados. Eu, agora, os apresento a ti, arrependo-me deles.<\/p>\n<p>\u00d3 Jesus, eu te pe\u00e7o: perdoa-me por todo mal instalado no meu cora\u00e7\u00e3o, toda raiz de \u00f3dio, inveja, gula, julgamento, maledic\u00eancia, mentira, ego\u00edsmo, orgulho, vaidade, v\u00edcios e desregramentos, pregui\u00e7a, avareza, sensualidade, soberba e impaci\u00eancia.<br \/>\nEu me arrependo tamb\u00e9m de toda infidelidade a ti, das vezes em que busquei a solu\u00e7\u00e3o para os meus problemas, em lugares onde n\u00e3o te professavam como \u00fanico Deus, Senhor e Salvador.<\/p>\n<p>Senhor, eu reconhe\u00e7o toda a minha fraqueza e te pe\u00e7o agora: d\u00e1-me a for\u00e7a do teu Esp\u00edrito, para que eu n\u00e3o volte mais a pecar. Liberta-me espiritualmente de todos os la\u00e7os que me prendem do mal, para que eu caminhe em santidade e possa contemplar, um dia, a Tua face.<\/p>\n<p>Jesus, tem piedade de mim! Obrigado, Senhor, pelo Teu perd\u00e3o. Obrigado pelo Teu infinito amor. Obrigado pelo Teu Esp\u00edrito Santo. Am\u00e9m.&#8221;<\/p>\n","protected":false},"excerpt":{"rendered":"<p>Cerco de Jeric\u00f3 &#8220;\u00c9 hora de despertar!&#8221; Com o tema: \u201cDesperta, desperta, reveste tua for\u00e7a\u201d Is.52,1&#8243; De onde veio a inspira\u00e7\u00e3o para o Cerco de Jeric\u00f3? No Antigo Testamento, depois da morte de Mois\u00e9s, Deus escolheu Josu\u00e9 para conduzir o&#8230;<\/p>\n","protected":false},"author":4722,"featured_media":19519,"comment_status":"open","ping_status":"open","sticky":false,"template":"","format":"standard","meta":{"_mi_skip_tracking":false,"_monsterinsights_sitenote_active":false,"_monsterinsights_sitenote_note":"","_monsterinsights_sitenote_category":0,"footnotes":""},"categories":[67],"tags":[],"_links":{"self":[{"href":"https:\/\/blog.cancaonova.com\/saojosedoscampos\/wp-json\/wp\/v2\/posts\/19517"}],"collection":[{"href":"https:\/\/blog.cancaonova.com\/saojosedoscampos\/wp-json\/wp\/v2\/posts"}],"about":[{"href":"https:\/\/blog.cancaonova.com\/saojosedoscampos\/wp-json\/wp\/v2\/types\/post"}],"author":[{"embeddable":true,"href":"https:\/\/blog.cancaonova.com\/saojosedoscampos\/wp-json\/wp\/v2\/users\/4722"}],"replies":[{"embeddable":true,"href":"https:\/\/blog.cancaonova.com\/saojosedoscampos\/wp-json\/wp\/v2\/comments?post=19517"}],"version-history":[{"count":11,"href":"https:\/\/blog.cancaonova.com\/saojosedoscampos\/wp-json\/wp\/v2\/posts\/19517\/revisions"}],"predecessor-version":[{"id":19599,"href":"https:\/\/blog.cancaonova.com\/saojosedoscampos\/wp-json\/wp\/v2\/posts\/19517\/revisions\/19599"}],"wp:featuredmedia":[{"embeddable":true,"href":"https:\/\/blog.cancaonova.com\/saojosedoscampos\/wp-json\/wp\/v2\/media\/19519"}],"wp:attachment":[{"href":"https:\/\/blog.cancaonova.com\/saojosedoscampos\/wp-json\/wp\/v2\/media?parent=19517"}],"wp:term":[{"taxonomy":"category","embeddable":true,"href":"https:\/\/blog.cancaonova.com\/saojosedoscampos\/wp-json\/wp\/v2\/categories?post=19517"},{"taxonomy":"post_tag","embeddable":true,"href":"https:\/\/blog.cancaonova.com\/saojosedoscampos\/wp-json\/wp\/v2\/tags?post=19517"}],"curies":[{"name":"wp","href":"https:\/\/api.w.org\/{rel}","templated":true}]}}