{"id":19562,"date":"2021-01-06T18:42:29","date_gmt":"2021-01-06T21:42:29","guid":{"rendered":"http:\/\/blog.cancaonova.com\/saojosedoscampos\/?p=19562"},"modified":"2021-01-06T18:42:29","modified_gmt":"2021-01-06T21:42:29","slug":"visita-dos-reis-magos","status":"publish","type":"post","link":"https:\/\/blog.cancaonova.com\/saojosedoscampos\/espiritualidade\/visita-dos-reis-magos\/","title":{"rendered":"A visita dos Reis Magos"},"content":{"rendered":"<h2 style=\"text-align: center\">O que voc\u00ea quer dar de presente a Jesus neste ano?<\/h2>\n<p style=\"text-align: center\"><a href=\"http:\/\/blog.cancaonova.com\/saojosedoscampos\/files\/2021\/01\/reis-magos.jpg\"><img loading=\"lazy\" decoding=\"async\" class=\"alignnone size-medium wp-image-19563\" src=\"http:\/\/blog.cancaonova.com\/saojosedoscampos\/files\/2021\/01\/reis-magos-300x189.jpg\" alt=\"\" width=\"300\" height=\"189\" srcset=\"https:\/\/blog.cancaonova.com\/saojosedoscampos\/files\/2021\/01\/reis-magos-300x189.jpg 300w, https:\/\/blog.cancaonova.com\/saojosedoscampos\/files\/2021\/01\/reis-magos-768x484.jpg 768w, https:\/\/blog.cancaonova.com\/saojosedoscampos\/files\/2021\/01\/reis-magos.jpg 947w\" sizes=\"(max-width: 300px) 100vw, 300px\" \/><\/a><\/p>\n<p>2021 j\u00e1 come\u00e7ou mas voc\u00ea sabe que ainda estamos no tempo do Natal? No calend\u00e1rio lit\u00fargico, o Natal s\u00f3 termina no pr\u00f3ximo domingo. Mas, hoje \u00e9 dia dos reis: dia que os enfeites de natal s\u00e3o retirados, mas principalmente dia em que, liturgicamente, n\u00f3s fazemos mem\u00f3ria da adora\u00e7\u00e3o prestada ao menino Jesus pelos s\u00e1bios do oriente. Ouro, incenso e mirra foram dados ao rei dos Reis, nascido na humilde manjedoura. Imagine S\u00e3o Jos\u00e9 ao receber a visita daqueles homens, guiados pela estrela at\u00e9 Bel\u00e9m: o pai que gostaria de dar tamb\u00e9m presentes ao filho rec\u00e9m-nascido, depois de uma longa jornada, \u00e9 visitado pela provid\u00eancia de Deus, que passa pelas m\u00e3os de tr\u00eas estranhos.<br \/>\nDeus tamb\u00e9m pode fazer o mesmo com cada um de n\u00f3s: nos visitar, das maneiras mais inesperadas; nos surpreender com sua bondade e amor de Pai; nos dar aquilo que humanamente n\u00e3o nos \u00e9 poss\u00edvel realizar.<br \/>\nMas a festa de hoje tamb\u00e9m quer nos levar a um ato concreto de gratid\u00e3o a Deus por seu amor sem limites, manifesto j\u00e1 ali na Encarna\u00e7\u00e3o e nascimento do Verbo: o mundo que jazia em trevas viu uma grande luz!<br \/>\nO ano est\u00e1 s\u00f3 come\u00e7ando mas voc\u00ea pode ofertar todo ele, consagrar todos e cada dia de 2021 a Deus, na esperan\u00e7a de dias melhores aqui nessa vida, mas com confian\u00e7a em algo ainda mais superior: a vida eterna. Vamos fazer juntos um ano de gra\u00e7a, de louvor e adora\u00e7\u00e3o ao Rei Jesus?<br \/>\nEu j\u00e1 quero perguntar a voc\u00ea: o que voc\u00ea deseja dar de presente de louvor a Deus neste ano que se inicia? Mas lembre-se&#8230; N\u00e3o \u00e9 um mimo, ou oferta de interesse, como algu\u00e9m que deseja &#8216;comprar&#8217; o agrado, afeto ou at\u00e9 mesmo recompensa de algu\u00e9m: Ele j\u00e1 nos amor primeiro. \u00c9 ato de gratid\u00e3o sincera de quem sabe de que, por mais que se ofere\u00e7a, por maior que seja o presente dado, n\u00e3o se alcan\u00e7ar\u00e1 a generosidade e a grandeza do que primeiro foi recebido: o pr\u00f3prio Deus, o Verbo descido dos C\u00e9us para nossa salva\u00e7\u00e3o!<br \/>\nSanto 2021 pra voc\u00ea!<\/p>\n","protected":false},"excerpt":{"rendered":"<p>O que voc\u00ea quer dar de presente a Jesus neste ano? 2021 j\u00e1 come\u00e7ou mas voc\u00ea sabe que ainda estamos no tempo do Natal? No calend\u00e1rio lit\u00fargico, o Natal s\u00f3 termina no pr\u00f3ximo domingo. Mas, hoje \u00e9 dia dos reis:&#8230;<\/p>\n","protected":false},"author":4722,"featured_media":19564,"comment_status":"open","ping_status":"open","sticky":false,"template":"","format":"standard","meta":{"_mi_skip_tracking":false,"_monsterinsights_sitenote_active":false,"_monsterinsights_sitenote_note":"","_monsterinsights_sitenote_category":0,"footnotes":""},"categories":[67],"tags":[32196,36566,16116,16670,25614],"_links":{"self":[{"href":"https:\/\/blog.cancaonova.com\/saojosedoscampos\/wp-json\/wp\/v2\/posts\/19562"}],"collection":[{"href":"https:\/\/blog.cancaonova.com\/saojosedoscampos\/wp-json\/wp\/v2\/posts"}],"about":[{"href":"https:\/\/blog.cancaonova.com\/saojosedoscampos\/wp-json\/wp\/v2\/types\/post"}],"author":[{"embeddable":true,"href":"https:\/\/blog.cancaonova.com\/saojosedoscampos\/wp-json\/wp\/v2\/users\/4722"}],"replies":[{"embeddable":true,"href":"https:\/\/blog.cancaonova.com\/saojosedoscampos\/wp-json\/wp\/v2\/comments?post=19562"}],"version-history":[{"count":2,"href":"https:\/\/blog.cancaonova.com\/saojosedoscampos\/wp-json\/wp\/v2\/posts\/19562\/revisions"}],"predecessor-version":[{"id":19566,"href":"https:\/\/blog.cancaonova.com\/saojosedoscampos\/wp-json\/wp\/v2\/posts\/19562\/revisions\/19566"}],"wp:featuredmedia":[{"embeddable":true,"href":"https:\/\/blog.cancaonova.com\/saojosedoscampos\/wp-json\/wp\/v2\/media\/19564"}],"wp:attachment":[{"href":"https:\/\/blog.cancaonova.com\/saojosedoscampos\/wp-json\/wp\/v2\/media?parent=19562"}],"wp:term":[{"taxonomy":"category","embeddable":true,"href":"https:\/\/blog.cancaonova.com\/saojosedoscampos\/wp-json\/wp\/v2\/categories?post=19562"},{"taxonomy":"post_tag","embeddable":true,"href":"https:\/\/blog.cancaonova.com\/saojosedoscampos\/wp-json\/wp\/v2\/tags?post=19562"}],"curies":[{"name":"wp","href":"https:\/\/api.w.org\/{rel}","templated":true}]}}