{"id":20347,"date":"2021-09-19T21:00:59","date_gmt":"2021-09-20T00:00:59","guid":{"rendered":"http:\/\/blog.cancaonova.com\/saojosedoscampos\/?p=20347"},"modified":"2021-12-29T13:53:06","modified_gmt":"2021-12-29T16:53:06","slug":"cerco-de-jerico-santuario-sao-judas-tadeu-com-o-tema-revesti-vos-da-armadura-de-deus-para-resistir-ciladas-ef-610","status":"publish","type":"post","link":"https:\/\/blog.cancaonova.com\/saojosedoscampos\/espiritualidade\/cerco-de-jerico-santuario-sao-judas-tadeu-com-o-tema-revesti-vos-da-armadura-de-deus-para-resistir-ciladas-ef-610\/","title":{"rendered":"Cerco de Jeric\u00f3 \u201cSantu\u00e1rio S\u00e3o Judas Tadeu\u201d Com o tema: \u201cRevesti-vos da armadura de Deus, para resistir \u00e0s ciladas\u2026\" Ef.6,10"},"content":{"rendered":"<h3 style=\"text-align: center\">Cerco de Jeric\u00f3 \u201cSantu\u00e1rio S\u00e3o Judas Tadeu\u201d<\/h3>\n<p style=\"text-align: center\"><a href=\"http:\/\/blog.cancaonova.com\/saojosedoscampos\/files\/2021\/09\/WhatsApp-Image-2021-10-20-at-09.28.06.jpeg\"><img loading=\"lazy\" decoding=\"async\" class=\"alignnone size-medium wp-image-20454\" src=\"http:\/\/blog.cancaonova.com\/saojosedoscampos\/files\/2021\/09\/WhatsApp-Image-2021-10-20-at-09.28.06-300x300.jpeg\" alt=\"\" width=\"300\" height=\"300\" srcset=\"https:\/\/blog.cancaonova.com\/saojosedoscampos\/files\/2021\/09\/WhatsApp-Image-2021-10-20-at-09.28.06-300x300.jpeg 300w, https:\/\/blog.cancaonova.com\/saojosedoscampos\/files\/2021\/09\/WhatsApp-Image-2021-10-20-at-09.28.06-150x150.jpeg 150w, https:\/\/blog.cancaonova.com\/saojosedoscampos\/files\/2021\/09\/WhatsApp-Image-2021-10-20-at-09.28.06-768x768.jpeg 768w, https:\/\/blog.cancaonova.com\/saojosedoscampos\/files\/2021\/09\/WhatsApp-Image-2021-10-20-at-09.28.06.jpeg 1080w\" sizes=\"(max-width: 300px) 100vw, 300px\" \/><\/a><\/p>\n<p><em><strong>Com o tema: \u201cRevesti-vos da armadura de Deus, para resistir \u00e0s ciladas\u2026&#8221; Ef.6,10<\/strong><\/em><\/p>\n<p>De onde veio a inspira\u00e7\u00e3o para o Cerco de Jeric\u00f3? No Antigo Testamento, depois da morte de Mois\u00e9s, Deus escolheu Josu\u00e9 para conduzir o povo hebreu. E disse a ele que atravessasse o Jord\u00e3o com todo o povo e tomasse posse da Terra Prometida.<\/p>\n<p>A cidade de Jeric\u00f3 era uma fortaleza inexpugn\u00e1vel. Ao chegar junto \u00e0s suas muralhas, Josu\u00e9 ergueu os olhos e viu um anjo, com uma espada na m\u00e3o, que lhe deu ordens concretas e detalhadas. Josu\u00e9 e todo Israel executaram fielmente \u00e0s ordens recebidas: durante seis dias, os valentes guerreiros de Israel deram uma volta em torno da cidade. No s\u00e9timo dia, deram sete voltas. Durante a s\u00e9tima volta, ao som da trombeta, todo o povo levantou um grande clamor e, pelo poder de Deus, as muralhas de Jeric\u00f3 ca\u00edram (cf. Js 6).<\/p>\n<p>Motivados por este acontecimento nos colocamos em ora\u00e7\u00e3o, para clamar a Deus que intervenha sobre as situa\u00e7\u00f5es de dor na nossa vida; clamando a Deus que se levante com vit\u00f3ria nas nossas fam\u00edlias, igreja, nas nossas desesperan\u00e7as, enfermidades e todas as outras inten\u00e7\u00f5es que trazemos no cora\u00e7\u00e3o.<\/p>\n<p>De 22 a 28 de Novembro nos uniremos ao c\u00e9u no Cerco de Jeric\u00f3 \u201cno Santu\u00e1rio S\u00e3o Judas \u201d, com o tema: &#8220;Revesti-vos da armadura de Deus, para resistir \u00e0s ciladas\u2026&#8221; Ef.6,10<\/p>\n<p>Estaremos no Santu\u00e1rio S\u00e3o Judas Tadeu\u00a0 que fica no Jardim Paulista.<\/p>\n<p>Com transmiss\u00e3o ao vivo pelo nosso canal no\u00a0 YOUTUBE\u00a0 e FACEBOOK al\u00e9m de cobertura completa pelo Instagram e twitter, todos com o endere\u00e7o @cancaonovasjc<\/p>\n<p><em><strong>Segue nossa programa\u00e7\u00e3o:<\/strong><\/em><\/p>\n<p><strong>22\/11<\/strong> \u2013 19h00:Ter\u00e7o Mariano \/ 19h30: Santa Missa com Pe. Mario Teodoro \/ Canto &#8211; Camila Alves \/ 20h30: Adora\u00e7\u00e3o<\/p>\n<p><strong>23\/11<\/strong> \u2013 19h00:Ter\u00e7o Mariano \/ 19h30: Santa Missa com Pe. Halan Gustavo \/ Canto &#8211; Thiago Tom\u00e9 \/ 20h30: Adora\u00e7\u00e3o<\/p>\n<p><strong>24\/11<\/strong> \u2013 19h00:Ter\u00e7o Mariano \/ 19h30: Santa Missa com Pe.\u00a0Luiz Fernando Siqueira \/ Canto \u00c9rika \/ 20h30: Adora\u00e7\u00e3o<\/p>\n<p><strong>25\/11<\/strong> \u2013 19h00:Ter\u00e7o Mariano \/ 19h30: Santa Missa com Pe. Bruno Costa \/ Canto &#8211; Emanuel St\u00eanio \/ 20h30: Adora\u00e7\u00e3o<\/p>\n<p><strong>26\/11<\/strong> \u2013 19h00:Ter\u00e7o Mariano \/ 19h30: Santa Missa com Pe. Edimilson Lopes \/ Canto &#8211; M\u00e1rcio Todeschini \/ 20h30: Adora\u00e7\u00e3o<\/p>\n<p><strong>27\/11<\/strong> \u2013 18h30:Ter\u00e7o Mariano \/ 19h: Santa Missa com Pe. Chic\u00e3o\u00a0 \/ Canto &#8211; Altiere Gomes \/ 20h: Adora\u00e7\u00e3o<\/p>\n<p><strong>28\/11<\/strong> \u2013 18h30:Ter\u00e7o Mariano \/ 19h: Santa Missa com Pe. Ivan Paix\u00e3o \/ Canto Ana Raquel \/ 20h: Adora\u00e7\u00e3o<\/p>\n<p>Esperamos por voc\u00eas.<\/p>\n","protected":false},"excerpt":{"rendered":"<p>Cerco de Jeric\u00f3 \u201cSantu\u00e1rio S\u00e3o Judas Tadeu\u201d Com o tema: \u201cRevesti-vos da armadura de Deus, para resistir \u00e0s ciladas\u2026&#8221; Ef.6,10 De onde veio a inspira\u00e7\u00e3o para o Cerco de Jeric\u00f3? No Antigo Testamento, depois da morte de Mois\u00e9s, Deus escolheu&#8230;<\/p>\n","protected":false},"author":4722,"featured_media":20461,"comment_status":"open","ping_status":"open","sticky":false,"template":"","format":"standard","meta":{"_mi_skip_tracking":false,"_monsterinsights_sitenote_active":false,"_monsterinsights_sitenote_note":"","_monsterinsights_sitenote_category":0,"footnotes":""},"categories":[228943,67],"tags":[219599,15742,46852,178510,46878],"_links":{"self":[{"href":"https:\/\/blog.cancaonova.com\/saojosedoscampos\/wp-json\/wp\/v2\/posts\/20347"}],"collection":[{"href":"https:\/\/blog.cancaonova.com\/saojosedoscampos\/wp-json\/wp\/v2\/posts"}],"about":[{"href":"https:\/\/blog.cancaonova.com\/saojosedoscampos\/wp-json\/wp\/v2\/types\/post"}],"author":[{"embeddable":true,"href":"https:\/\/blog.cancaonova.com\/saojosedoscampos\/wp-json\/wp\/v2\/users\/4722"}],"replies":[{"embeddable":true,"href":"https:\/\/blog.cancaonova.com\/saojosedoscampos\/wp-json\/wp\/v2\/comments?post=20347"}],"version-history":[{"count":6,"href":"https:\/\/blog.cancaonova.com\/saojosedoscampos\/wp-json\/wp\/v2\/posts\/20347\/revisions"}],"predecessor-version":[{"id":20558,"href":"https:\/\/blog.cancaonova.com\/saojosedoscampos\/wp-json\/wp\/v2\/posts\/20347\/revisions\/20558"}],"wp:featuredmedia":[{"embeddable":true,"href":"https:\/\/blog.cancaonova.com\/saojosedoscampos\/wp-json\/wp\/v2\/media\/20461"}],"wp:attachment":[{"href":"https:\/\/blog.cancaonova.com\/saojosedoscampos\/wp-json\/wp\/v2\/media?parent=20347"}],"wp:term":[{"taxonomy":"category","embeddable":true,"href":"https:\/\/blog.cancaonova.com\/saojosedoscampos\/wp-json\/wp\/v2\/categories?post=20347"},{"taxonomy":"post_tag","embeddable":true,"href":"https:\/\/blog.cancaonova.com\/saojosedoscampos\/wp-json\/wp\/v2\/tags?post=20347"}],"curies":[{"name":"wp","href":"https:\/\/api.w.org\/{rel}","templated":true}]}}