{"id":20642,"date":"2022-03-08T14:00:07","date_gmt":"2022-03-08T17:00:07","guid":{"rendered":"http:\/\/blog.cancaonova.com\/saojosedoscampos\/?p=20642"},"modified":"2022-03-08T13:53:23","modified_gmt":"2022-03-08T16:53:23","slug":"dia-internacional-das-mulheres","status":"publish","type":"post","link":"https:\/\/blog.cancaonova.com\/saojosedoscampos\/sem-categoria\/dia-internacional-das-mulheres\/","title":{"rendered":"08 de Mar\u00e7o: Dia internacional da mulher."},"content":{"rendered":"<p><strong>\u201cUma mulher virtuosa, quem pode encontr\u00e1-la?<\/strong><\/p>\n<p><span style=\"font-weight: 400\">Minha primeira ideia para a escrita deste texto foi a lembran\u00e7a da Palavra que diz: \u201cUma mulher virtuosa, quem pode encontr\u00e1-la? Superior ao das p\u00e9rolas \u00e9 o seu valor. Confia nela o cora\u00e7\u00e3o do seu marido, e jamais lhe faltar\u00e1 coisa alguma. Ela lhe proporciona o bem, nunca o mal, em todos os dias de sua vida (Pr 31,10-12).\u00a0<\/span><\/p>\n<p><span style=\"font-weight: 400\"> Algu\u00e9m j\u00e1 poderia contrapor: mas esta mulher \u00e9 uma escrava, uma Am\u00e9lia (lembra da m\u00fasica?). E eu respondo: n\u00e3o conseguimos admirar a mulher elogiada em Prov\u00e9rbios porque perdemos a capacidade de apreciar a beleza da mulher segundo o projeto de Deus.\u00a0<\/span><\/p>\n<p><span style=\"font-weight: 400\">Num fat\u00eddico dia, houve naquele jardim um di\u00e1logo definitivo entre a mulher e a serpente, e o resultado foi o pecado da desobedi\u00eancia. Dali surgiram a dor, a fadiga, o ex\u00edlio, a morte, enfim. Arrastada para a infernal armadilha, a mulher e o homem se viram nus diante do seu Criador, enredados numa teia de acusa\u00e7\u00f5es e por Deus responsabilizados pelo que acabavam de praticar, cuja heran\u00e7a venenosa afetaria a sua descend\u00eancia.<\/span><\/p>\n<p><span style=\"font-weight: 400\">O orgulho e a rebeldia, ainda no nosso tempo, parecem contaminar as verdades sobre o papel da mulher na sociedade. Onde est\u00e1 a virtude feminina? Ent\u00e3o a mulher virtuosa \u00e9 coisa do passado, de quando as mulheres eram submissas aos homens e apenas dedicadas \u00e0 cria\u00e7\u00e3o dos filhos e \u00e0 manuten\u00e7\u00e3o da casa? Por que parece t\u00e3o fora de contexto a mulher querer corresponder ao des\u00edgnio de Deus para a sua vida? Por que as rela\u00e7\u00f5es familiares (entre os c\u00f4njuges e entre os filhos) s\u00e3o t\u00e3o atacadas e, mesmo, hostilizadas?\u00a0<\/span><\/p>\n<p><span style=\"font-weight: 400\">Neste dia 8 de mar\u00e7o se comemora o Dia Internacional da Mulher. Se formos pesquisar a hist\u00f3ria por tr\u00e1s desta data, vemos ler que as mulheres, organizadas em manifesta\u00e7\u00f5es, greves, comit\u00eas, reivindicavam melhores condi\u00e7\u00f5es de trabalho, mais direitos, mais espa\u00e7o no seu protagonismo na sociedade. Para sermos honestos, ali estavam embutidos muitos outros interesses ideol\u00f3gicos, que n\u00e3o v\u00eam ao caso agora.\u00a0<\/span><\/p>\n<p><span style=\"font-weight: 400\">Qual deve ser o nosso posicionamento? Preferimos adotar a postura que sempre foi a da verdadeira contribui\u00e7\u00e3o da mulher para a sociedade. Nos dias atuais, as mulheres avan\u00e7aram muito no reconhecimento da sua capacidade intelectual e produtiva, na participa\u00e7\u00e3o em profiss\u00f5es onde elas podem contribuir qualitativamente, na aquisi\u00e7\u00e3o de respeito em carreiras onde a criatividade e o toque feminino podem fazer a diferen\u00e7a, na ascens\u00e3o a cargos de chefia e de lideran\u00e7a, no com\u00e9rcio, na ind\u00fastria, nas artes, nas mais variadas \u00e1reas antes s\u00f3 dispon\u00edveis aos homens.\u00a0<\/span><\/p>\n<p><span style=\"font-weight: 400\">Reconhecemos a participa\u00e7\u00e3o positiva da mulher em tudo isso. O que gostar\u00edamos de enfatizar aqui \u00e9 que, de nenhum modo, a mulher ser\u00e1 diminu\u00edda ou anulada se, em qualquer atividade em que atue, ela n\u00e3o se esquecer de que precisa, antes de tudo, ser uma mulher no des\u00edgnio de Deus. Se n\u00e3o, acontece o que se tem visto atualmente:<\/span><\/p>\n<ul>\n<li style=\"font-weight: 400\"><span style=\"font-weight: 400\">N\u00e3o \u00e9 des\u00edgnio de Deus que a mulher seja desrespeitada e desrespeite o pr\u00f3prio corpo, templo e morada de Deus, no vestir, no comportar-se, nas rela\u00e7\u00f5es entre os casais, no uso de bebidas ou drogas ou de quaisquer outros v\u00edcios que venham comprometer a sua sa\u00fade.<\/span><\/li>\n<li style=\"font-weight: 400\"><span style=\"font-weight: 400\">N\u00e3o \u00e9 des\u00edgnio de Deus que a mulher entre em guerra contra o homem, vendo nele um advers\u00e1rio, algu\u00e9m que precisa ser derrotado custe o que custar, uma amea\u00e7a sempre \u00e0 espreita.<\/span><\/li>\n<li style=\"font-weight: 400\"><span style=\"font-weight: 400\">N\u00e3o \u00e9 des\u00edgnio de Deus que a mulher, clamando direitos que ela n\u00e3o tem, reivindique propriedade sobre a vida de outro&#8230; sim, estamos falando do massacre de inocentes no ventre de suas m\u00e3es, v\u00edtimas do ego\u00edsmo e da crueldade humana.<\/span><\/li>\n<li style=\"font-weight: 400\"><span style=\"font-weight: 400\">N\u00e3o \u00e9 des\u00edgnio de Deus que a mulher seja doutrinada e manipulada pelas v\u00e1rias ideologias atuais, que lhe trar\u00e3o, a m\u00e9dio e a longo prazos, feridas interiores dif\u00edceis de serem curadas.<\/span><\/li>\n<\/ul>\n<p><span style=\"font-weight: 400\">N\u00e3o queremos celebrar o Dia Internacional das Mulheres levantando bandeiras e gritando \u201cslogans\u201d. Queremos reconhecer a bravura das mulheres que cumprem dupla jornada de trabalho, e mesmo assim educam com amor e seriedade os filhos. Queremos celebrar o Dia das Mulheres todos os dias, agradecendo a Deus pela m\u00e3e, pela av\u00f3, pela tia, pela professora, pela enfermeira, pela m\u00e9dica, pela amiga. Por aquela presen\u00e7a feminina que deixa sempre uma pitada de do\u00e7ura na vida da gente. Mulheres fortes, mulheres no des\u00edgnio de Deus, que fazem a diferen\u00e7a neste mundo. Mulheres disc\u00edpulas da Virgem Maria, a cheia de virtudes!<\/span><\/p>\n<p><strong>Maria Helena Barbosa<\/strong> &#8211; Mission\u00e1ria da Comunidade Can\u00e7\u00e3o Nova na Frente de Miss\u00e3o em S\u00e3o Jos\u00e9 dos Campos\/SP<\/p>\n<p>&nbsp;<\/p>\n","protected":false},"excerpt":{"rendered":"<p>\u201cUma mulher virtuosa, quem pode encontr\u00e1-la? Minha primeira ideia para a escrita deste texto foi a lembran\u00e7a da Palavra que diz: \u201cUma mulher virtuosa, quem pode encontr\u00e1-la? Superior ao das p\u00e9rolas \u00e9 o seu valor. Confia nela o cora\u00e7\u00e3o do&#8230;<\/p>\n","protected":false},"author":4753,"featured_media":20643,"comment_status":"open","ping_status":"open","sticky":false,"template":"","format":"standard","meta":{"_mi_skip_tracking":false,"_monsterinsights_sitenote_active":false,"_monsterinsights_sitenote_note":"","_monsterinsights_sitenote_category":0,"footnotes":""},"categories":[4],"tags":[150070,17100,19342,17370,741,18570],"_links":{"self":[{"href":"https:\/\/blog.cancaonova.com\/saojosedoscampos\/wp-json\/wp\/v2\/posts\/20642"}],"collection":[{"href":"https:\/\/blog.cancaonova.com\/saojosedoscampos\/wp-json\/wp\/v2\/posts"}],"about":[{"href":"https:\/\/blog.cancaonova.com\/saojosedoscampos\/wp-json\/wp\/v2\/types\/post"}],"author":[{"embeddable":true,"href":"https:\/\/blog.cancaonova.com\/saojosedoscampos\/wp-json\/wp\/v2\/users\/4753"}],"replies":[{"embeddable":true,"href":"https:\/\/blog.cancaonova.com\/saojosedoscampos\/wp-json\/wp\/v2\/comments?post=20642"}],"version-history":[{"count":5,"href":"https:\/\/blog.cancaonova.com\/saojosedoscampos\/wp-json\/wp\/v2\/posts\/20642\/revisions"}],"predecessor-version":[{"id":20656,"href":"https:\/\/blog.cancaonova.com\/saojosedoscampos\/wp-json\/wp\/v2\/posts\/20642\/revisions\/20656"}],"wp:featuredmedia":[{"embeddable":true,"href":"https:\/\/blog.cancaonova.com\/saojosedoscampos\/wp-json\/wp\/v2\/media\/20643"}],"wp:attachment":[{"href":"https:\/\/blog.cancaonova.com\/saojosedoscampos\/wp-json\/wp\/v2\/media?parent=20642"}],"wp:term":[{"taxonomy":"category","embeddable":true,"href":"https:\/\/blog.cancaonova.com\/saojosedoscampos\/wp-json\/wp\/v2\/categories?post=20642"},{"taxonomy":"post_tag","embeddable":true,"href":"https:\/\/blog.cancaonova.com\/saojosedoscampos\/wp-json\/wp\/v2\/tags?post=20642"}],"curies":[{"name":"wp","href":"https:\/\/api.w.org\/{rel}","templated":true}]}}