{"id":20735,"date":"2022-04-01T16:30:07","date_gmt":"2022-04-01T19:30:07","guid":{"rendered":"http:\/\/blog.cancaonova.com\/saojosedoscampos\/?p=20735"},"modified":"2022-04-08T09:38:11","modified_gmt":"2022-04-08T12:38:11","slug":"kairos-eu-luto-ele-vence","status":"publish","type":"post","link":"https:\/\/blog.cancaonova.com\/saojosedoscampos\/sem-categoria\/kairos-eu-luto-ele-vence\/","title":{"rendered":"KAIR\u00d3S EU LUTO, ELE VENCE"},"content":{"rendered":"<p><strong>\u201c\u2026 Pois a Guerra pertence ao Senhor.\u201d (ISm 17, 47)<\/strong><\/p>\n<p>Este \u00e9 o tema do Kair\u00f3s Eu luto, Ele vence.\u00a0 E<span style=\"font-weight: 400\">vento promovido pela Comunidade Can\u00e7\u00e3o Nova na Frente de Miss\u00e3o em S\u00e3o Jos\u00e9 dos Campos, que acontecer\u00e1 no dia 09 de abril, a partir das 09h00.\u00a0 Contar\u00e1 com as presen\u00e7as de Pe. Gevanildo Torres, Emanuel St\u00eanio e Evandro Nunes. Um dia de ora\u00e7\u00e3o, adora\u00e7\u00e3o, prega\u00e7\u00e3o e missa!<\/span><\/p>\n<p><span style=\"font-weight: 400\">O evento \u00e9 um clamor do povo que grita a Deus: Eu luto, ELE vence. Uma experi\u00eancia de ora\u00e7\u00e3o, que traz a certeza da Vitoria de Deus que se d\u00e1 pela cruz. O evento tem como objetivo convocar um povo para lutar pela ora\u00e7\u00e3o, lutar pela Palavra, lutar com o joelho no ch\u00e3o. Lutar, com a certeza que JESUS j\u00e1 venceu! A for\u00e7a vem da certeza, da F\u00e9, por isso gritamos e Deus vence! N\u00e3o um milagre, pelo milagre! Mas o milagre do crer, que Deus agir\u00e1, em resposta do clamor de seu povo.<\/span><\/p>\n<p>Este evento, n\u00e3o ser\u00e1 necess\u00e1rio realizar inscri\u00e7\u00e3o.<\/p>\n<p><span style=\"font-weight: 400\">O Evento ser\u00e1 transmitido pelas m\u00eddias @cancanovasjc, pela TV Can\u00e7\u00e3o Nova, pela r\u00e1dio 95.9.\u00a0<\/span><span style=\"font-weight: 400\">Voc\u00ea \u00e9 o convidado especial!\u00a0<\/span><span style=\"font-weight: 400\">Venha participar.\u00a0<\/span><\/p>\n<p><span style=\"font-weight: 400\">O endere\u00e7o da Casa de Evangeliza\u00e7\u00e3o da Can\u00e7\u00e3o Nova em S\u00e3o Jos\u00e9 do Campos: Rua Itoror\u00f3, 186 &#8211; Jardim Paulista (Pr\u00f3ximo a Rodovi\u00e1ria Nova)\u00a0<\/span>Para mais informa\u00e7\u00f5es deste evento:\u00a0<a href=\"mailto:eventossjc@cancaonova.com\">eventossjc@cancaonova.com<\/a><\/p>\n<p>&nbsp;<\/p>\n<p><strong>Confira a programa\u00e7\u00e3o:<\/strong><\/p>\n<p><b>08h30 \u2013 Acolhida<\/b><\/p>\n<p><b>09h00 \u2013 Anima\u00e7\u00e3o: Emanuel St\u00eanio<\/b><\/p>\n<p><b>09h20 \u2013 Prega\u00e7\u00e3o: Evandro Nunes- Tema: Pois a luta pertence ao Senhor (1 Sm 17,47)<\/b><\/p>\n<p><b>10h20 \u2013 Promo\u00e7\u00e3o de palco<\/b><\/p>\n<p><b>10h27\u2013 Intervalo<\/b><\/p>\n<p><b>11h00 \u2013 Prega\u00e7\u00e3o: Emanuel St\u00eanio &#8211; Tema: O Combate Espiritual \u00e9 inevit\u00e1vel<\/b><\/p>\n<p><b>12h00 \u2013 Intervalo<\/b><\/p>\n<p><b>13h30 \u2013 Anima\u00e7\u00e3o<\/b><\/p>\n<p><b>14h00 \u2013 Prega\u00e7\u00e3o: Evandro Nunes &#8211; Tema: Amamos e servimos ao Senhor, invenc\u00edvel nas batalhas.<\/b><\/p>\n<p><b>14h50 \u2013 Adora\u00e7\u00e3o: Pe. Gevanildo Torres \/ Emanuel St\u00eanio \/ Evandro Nunes<\/b><\/p>\n<p><b>15h30 \u2013 Intervalo<\/b><\/p>\n<p><b>16h00 \u2013 Missa: Pe. Gevanildo Torres<\/b><\/p>\n<p><b>17h30 \u2013 Encerramento<\/b><\/p>\n<ul>\n<li>Observa\u00e7\u00e3o: A programa\u00e7\u00e3o pode ser sujeita a altera\u00e7\u00f5es, sem aviso pr\u00e9vio.<\/li>\n<\/ul>\n<p>&nbsp;<\/p>\n","protected":false},"excerpt":{"rendered":"<p>\u201c\u2026 Pois a Guerra pertence ao Senhor.\u201d (ISm 17, 47) Este \u00e9 o tema do Kair\u00f3s Eu luto, Ele vence.\u00a0 Evento promovido pela Comunidade Can\u00e7\u00e3o Nova na Frente de Miss\u00e3o em S\u00e3o Jos\u00e9 dos Campos, que acontecer\u00e1 no dia 09&#8230;<\/p>\n","protected":false},"author":4753,"featured_media":20738,"comment_status":"open","ping_status":"open","sticky":false,"template":"","format":"standard","meta":{"_mi_skip_tracking":false,"_monsterinsights_sitenote_active":false,"_monsterinsights_sitenote_note":"","_monsterinsights_sitenote_category":0,"footnotes":""},"categories":[4],"tags":[],"_links":{"self":[{"href":"https:\/\/blog.cancaonova.com\/saojosedoscampos\/wp-json\/wp\/v2\/posts\/20735"}],"collection":[{"href":"https:\/\/blog.cancaonova.com\/saojosedoscampos\/wp-json\/wp\/v2\/posts"}],"about":[{"href":"https:\/\/blog.cancaonova.com\/saojosedoscampos\/wp-json\/wp\/v2\/types\/post"}],"author":[{"embeddable":true,"href":"https:\/\/blog.cancaonova.com\/saojosedoscampos\/wp-json\/wp\/v2\/users\/4753"}],"replies":[{"embeddable":true,"href":"https:\/\/blog.cancaonova.com\/saojosedoscampos\/wp-json\/wp\/v2\/comments?post=20735"}],"version-history":[{"count":5,"href":"https:\/\/blog.cancaonova.com\/saojosedoscampos\/wp-json\/wp\/v2\/posts\/20735\/revisions"}],"predecessor-version":[{"id":20741,"href":"https:\/\/blog.cancaonova.com\/saojosedoscampos\/wp-json\/wp\/v2\/posts\/20735\/revisions\/20741"}],"wp:featuredmedia":[{"embeddable":true,"href":"https:\/\/blog.cancaonova.com\/saojosedoscampos\/wp-json\/wp\/v2\/media\/20738"}],"wp:attachment":[{"href":"https:\/\/blog.cancaonova.com\/saojosedoscampos\/wp-json\/wp\/v2\/media?parent=20735"}],"wp:term":[{"taxonomy":"category","embeddable":true,"href":"https:\/\/blog.cancaonova.com\/saojosedoscampos\/wp-json\/wp\/v2\/categories?post=20735"},{"taxonomy":"post_tag","embeddable":true,"href":"https:\/\/blog.cancaonova.com\/saojosedoscampos\/wp-json\/wp\/v2\/tags?post=20735"}],"curies":[{"name":"wp","href":"https:\/\/api.w.org\/{rel}","templated":true}]}}