{"id":20742,"date":"2022-04-13T15:12:22","date_gmt":"2022-04-13T18:12:22","guid":{"rendered":"http:\/\/blog.cancaonova.com\/saojosedoscampos\/?p=20742"},"modified":"2022-04-13T18:14:51","modified_gmt":"2022-04-13T21:14:51","slug":"semana-santa-da-minha-vida","status":"publish","type":"post","link":"https:\/\/blog.cancaonova.com\/saojosedoscampos\/formacao\/semana-santa-da-minha-vida\/","title":{"rendered":"A Semana da minha vida"},"content":{"rendered":"<p><strong>\u201cArdentemente desejei comer convosco esta ceia pascal, antes de padecer\u201d Lc 22,15<\/strong><\/p>\n<p>Tudo que \u00e9 importante deve ser muito bem preparado. N\u00e3o podemos viver somente de improviso, podemos at\u00e9 sermos surpreendidos por not\u00edcias de \u00faltima hora, mas grandes momentos da vida humana, como o nascimento, anivers\u00e1rios, casamentos, festas de formatura s\u00e3o muito bem preparadas. Assim a Igreja em sua pedagogia n\u00e3o permite o crist\u00e3o improvisar a salva\u00e7\u00e3o, ela deve ser constru\u00edda dia a dia, momento a momento.<\/p>\n<p>Assim entendemos que a \u00faltima semana da vida de Jesus n\u00e3o foi improvisada, nem chegou de repente. Ela foi preparada pelo Pai juntamente com Jesus como lemos na passagem do evangelho de S\u00e3o Lucas citado acima: \u201cdesejei\u201d \u00e9 o verbo utilizado para mostrar que Jesus se preparou para sua paix\u00e3o. N\u00e3o podemos dizer que Jesus foi morto, foi assassinado, n\u00e3o! Ele deu a sua vida! diferente, Ele aceitou a vontade do Pai, e essa vontade passava pela oferta da pr\u00f3pria vida em favor de muitos, sabia que s\u00f3 assim seria poss\u00edvel salvar os homens da maldade do pr\u00f3prio homem: \u201cEle carregou sobre si as nossas dores\u201d (cf Is 53).<\/p>\n<p>Veja tamb\u00e9m:<\/p>\n<ul>\n<li><a href=\"https:\/\/diocese-sjc.org.br\/semana-santa-confira-a-programacao-e-participe\/\" target=\"_blank\" rel=\"noopener\">A programa\u00e7\u00e3o da Semana Santa nas paroquias da Diocese em S\u00e3o Jos\u00e9 dos Campos.<\/a><\/li>\n<li><a href=\"https:\/\/formacao.cancaonova.com\/liturgia\/tempo-liturgico\/semana-santa\/como-viver-a-semana-santa\/\" target=\"_blank\" rel=\"noopener\">Como viver esta semana santa?<\/a><\/li>\n<li><a href=\"https:\/\/www.youtube.com\/watch?v=zk_qrErYgTQ\" target=\"_blank\" rel=\"noopener\">O que \u00e9 o Tr\u00edduo Pascal?<\/a><\/li>\n<\/ul>\n<p>Somos chamados a viver a Semana Santa como se fosse a \u00fanica e a \u00faltima da nossa vida. Convidados a nos entregarmos como o pr\u00f3prio Cristo se entregou, viver com intensidade cada passo de Jesus rumo a sua P\u00e1scoa. N\u00e3o \u00e9 apenas um teatro ou apenas uma encena\u00e7\u00e3o sem vida e sem sentido. Aprendemos com Jesus a fazer \u201cmem\u00f3ria\u201d de tudo, atualizar a entrega, morte e ressurrei\u00e7\u00e3o de Jesus. Se voc\u00ea viveu bem a prepara\u00e7\u00e3o, viver\u00e1 bem a celebra\u00e7\u00e3o. Se por tantos motivos n\u00e3o conseguiu viver bem sua quaresma, ent\u00e3o fa\u00e7a dessa semana santa a melhor da sua vida, e se entregue a ora\u00e7\u00e3o e a medita\u00e7\u00e3o da Paix\u00e3o, Morte e Ressurrei\u00e7\u00e3o de Jesus. Coloque seu cora\u00e7\u00e3o em tudo que for celebrar e o pr\u00f3prio Jesus se entregar\u00e1 ao seu cora\u00e7\u00e3o!<\/p>\n<p>Deus aben\u00e7oe voc\u00ea!<\/p>\n<p><strong><img loading=\"lazy\" decoding=\"async\" class=\"alignleft wp-image-20663\" src=\"http:\/\/blog.cancaonova.com\/saojosedoscampos\/files\/2022\/03\/Novo-Projeto-150x150.png\" alt=\"\" width=\"96\" height=\"96\" srcset=\"https:\/\/blog.cancaonova.com\/saojosedoscampos\/files\/2022\/03\/Novo-Projeto-150x150.png 150w, https:\/\/blog.cancaonova.com\/saojosedoscampos\/files\/2022\/03\/Novo-Projeto-430x427.png 430w\" sizes=\"(max-width: 96px) 100vw, 96px\" \/><\/strong><\/p>\n<p>&nbsp;<\/p>\n<p><strong>Padre Gevanildo Torres &#8211;\u00a0<\/strong>Sacerdote e mission\u00e1rio da Comunidade Can\u00e7\u00e3o Nova.\u00a0 Atua\u00e7\u00e3o Mission\u00e1ria na Frente de Miss\u00e3o em S\u00e3o Jos\u00e9 dos Campos\/SP.<\/p>\n","protected":false},"excerpt":{"rendered":"<p>\u201cArdentemente desejei comer convosco esta ceia pascal, antes de padecer\u201d Lc 22,15 Tudo que \u00e9 importante deve ser muito bem preparado. N\u00e3o podemos viver somente de improviso, podemos at\u00e9 sermos surpreendidos por not\u00edcias de \u00faltima hora, mas grandes momentos da&#8230;<\/p>\n","protected":false},"author":4753,"featured_media":19628,"comment_status":"open","ping_status":"open","sticky":false,"template":"","format":"standard","meta":{"_mi_skip_tracking":false,"_monsterinsights_sitenote_active":false,"_monsterinsights_sitenote_note":"","_monsterinsights_sitenote_category":0,"footnotes":""},"categories":[23],"tags":[15738,221,9061,200836,225468,18209],"_links":{"self":[{"href":"https:\/\/blog.cancaonova.com\/saojosedoscampos\/wp-json\/wp\/v2\/posts\/20742"}],"collection":[{"href":"https:\/\/blog.cancaonova.com\/saojosedoscampos\/wp-json\/wp\/v2\/posts"}],"about":[{"href":"https:\/\/blog.cancaonova.com\/saojosedoscampos\/wp-json\/wp\/v2\/types\/post"}],"author":[{"embeddable":true,"href":"https:\/\/blog.cancaonova.com\/saojosedoscampos\/wp-json\/wp\/v2\/users\/4753"}],"replies":[{"embeddable":true,"href":"https:\/\/blog.cancaonova.com\/saojosedoscampos\/wp-json\/wp\/v2\/comments?post=20742"}],"version-history":[{"count":3,"href":"https:\/\/blog.cancaonova.com\/saojosedoscampos\/wp-json\/wp\/v2\/posts\/20742\/revisions"}],"predecessor-version":[{"id":20746,"href":"https:\/\/blog.cancaonova.com\/saojosedoscampos\/wp-json\/wp\/v2\/posts\/20742\/revisions\/20746"}],"wp:featuredmedia":[{"embeddable":true,"href":"https:\/\/blog.cancaonova.com\/saojosedoscampos\/wp-json\/wp\/v2\/media\/19628"}],"wp:attachment":[{"href":"https:\/\/blog.cancaonova.com\/saojosedoscampos\/wp-json\/wp\/v2\/media?parent=20742"}],"wp:term":[{"taxonomy":"category","embeddable":true,"href":"https:\/\/blog.cancaonova.com\/saojosedoscampos\/wp-json\/wp\/v2\/categories?post=20742"},{"taxonomy":"post_tag","embeddable":true,"href":"https:\/\/blog.cancaonova.com\/saojosedoscampos\/wp-json\/wp\/v2\/tags?post=20742"}],"curies":[{"name":"wp","href":"https:\/\/api.w.org\/{rel}","templated":true}]}}