{"id":20766,"date":"2022-05-06T15:50:45","date_gmt":"2022-05-06T18:50:45","guid":{"rendered":"http:\/\/blog.cancaonova.com\/saojosedoscampos\/?p=20766"},"modified":"2022-09-13T15:37:00","modified_gmt":"2022-09-13T18:37:00","slug":"cancao-nova-em-missao-2","status":"publish","type":"post","link":"https:\/\/blog.cancaonova.com\/saojosedoscampos\/sem-categoria\/cancao-nova-em-missao-2\/","title":{"rendered":"Can\u00e7\u00e3o Nova em Miss\u00e3o"},"content":{"rendered":"<p>Nossa Miss\u00e3o \u00e9 Evangelizar!<\/p>\n<p>A ordem do Senhor para seus disc\u00edpulos e para n\u00f3s \u00e9: &#8220;Ide por todo mundo e a todos pregai o Evangelho. (Cf. 16,15).<\/p>\n<p>Deus deu tamb\u00e9m a miss\u00e3o de promover a experi\u00eancia pessoal do encontro com Jesus na efic\u00e1cia do Esp\u00edrito Santo, com intuito de preparar um povo bem disposto para a Segunda Vinda d\u00b4Ele.<\/p>\n<p>Com este intuito, no dia 26 de Maio a Can\u00e7\u00e3o Nova em S\u00e3o Jos\u00e9 dos Campos estar\u00e1 junto com a Par\u00f3quia S\u00e3o Paulo Apostolo, com inicio as 9h, promovendo uma quinta-feira de adora\u00e7\u00e3o. O tema ser\u00e1: Fica conosco, Senhor! (Lc 24,29)<\/p>\n<p>Um dia de louvor, prega\u00e7\u00e3o, adora\u00e7\u00e3o e Santa Missa.\u00a0 Este evento acontecer\u00e1 na Par\u00f3quia S\u00e3o Paulo Ap\u00f3stolo &#8211;\u00a0\u00a0R. Crisante Barbosa Miranda, 130 \u2013 Jardim Nova Michigan.<\/p>\n<p>Haver\u00e1 neste dia o Clube da Evangeliza\u00e7\u00e3o, Loja Can\u00e7\u00e3o Nova e Bazar. N\u00e3o \u00e9 necess\u00e1rio realizar inscri\u00e7\u00e3o.<\/p>\n<p>O evento ser\u00e1 transmitido pelas m\u00eddias sociais da miss\u00e3o e pela r\u00e1dio Can\u00e7\u00e3o Nova FM 95.9.<\/p>\n<p>Confira abaixo a programa\u00e7\u00e3o:<\/p>\n<p>09H &#8211; Acolhida do povo<\/p>\n<p>09h30 &#8211; Orando com Poder: Pe Chic\u00e3o\/ Carla Picolotto<\/p>\n<p>11h30 &#8211; Encerramento<\/p>\n<p>11h45 &#8211; Ter\u00e7o da Divina Provid\u00eancia: Ang\u00e9lica Pereira<\/p>\n<p>12h &#8211; Almo\u00e7o<\/p>\n<p>13h30 &#8211; Anima\u00e7\u00e3o<\/p>\n<p>14h &#8211; Prega\u00e7\u00e3o: Maria Monique<\/p>\n<p>Tema: Fica conosco, Senhor! (Lc 24,29)<\/p>\n<p>15h &#8211; Ter\u00e7o da Miseric\u00f3rdia: Pe Gevanildo\u00a0 Torres<\/p>\n<p>16h &#8211; Intervalo<\/p>\n<p>16h40 &#8211; Anima\u00e7\u00e3o<\/p>\n<p>17H &#8211; Prega\u00e7\u00e3o: Vinicius Fonseca<\/p>\n<p>Tema: &#8220;.. Seus olhos se abriram, e eles O reconheceram.&#8221; (Lc 24,31)<\/p>\n<p>18h &#8211; Intervalo<\/p>\n<p>18h30 &#8211; Ter\u00e7o Mariano: Ang\u00e9lica<\/p>\n<p>19h &#8211; Of\u00edcio da Imaculada Concei\u00e7\u00e3o<\/p>\n<p>19h20 &#8211; Adora\u00e7\u00e3o ao Sant\u00edssimo Sacramento: Pe Gevanildo Torres<\/p>\n<p>20h &#8211; Santa Missa: Pe. Gevanildo Torres<\/p>\n<p>21h &#8211; Encerramento<\/p>\n<p>&nbsp;<\/p>\n<p>&nbsp;<\/p>\n<p>&nbsp;<\/p>\n<p>&nbsp;<\/p>\n<p>&nbsp;<\/p>\n<p>&nbsp;<\/p>\n","protected":false},"excerpt":{"rendered":"<p>Nossa Miss\u00e3o \u00e9 Evangelizar! A ordem do Senhor para seus disc\u00edpulos e para n\u00f3s \u00e9: &#8220;Ide por todo mundo e a todos pregai o Evangelho. (Cf. 16,15). Deus deu tamb\u00e9m a miss\u00e3o de promover a experi\u00eancia pessoal do encontro com&#8230;<\/p>\n","protected":false},"author":4753,"featured_media":20768,"comment_status":"open","ping_status":"open","sticky":false,"template":"","format":"standard","meta":{"_mi_skip_tracking":false,"_monsterinsights_sitenote_active":false,"_monsterinsights_sitenote_note":"","_monsterinsights_sitenote_category":0,"footnotes":""},"categories":[4],"tags":[],"_links":{"self":[{"href":"https:\/\/blog.cancaonova.com\/saojosedoscampos\/wp-json\/wp\/v2\/posts\/20766"}],"collection":[{"href":"https:\/\/blog.cancaonova.com\/saojosedoscampos\/wp-json\/wp\/v2\/posts"}],"about":[{"href":"https:\/\/blog.cancaonova.com\/saojosedoscampos\/wp-json\/wp\/v2\/types\/post"}],"author":[{"embeddable":true,"href":"https:\/\/blog.cancaonova.com\/saojosedoscampos\/wp-json\/wp\/v2\/users\/4753"}],"replies":[{"embeddable":true,"href":"https:\/\/blog.cancaonova.com\/saojosedoscampos\/wp-json\/wp\/v2\/comments?post=20766"}],"version-history":[{"count":2,"href":"https:\/\/blog.cancaonova.com\/saojosedoscampos\/wp-json\/wp\/v2\/posts\/20766\/revisions"}],"predecessor-version":[{"id":20872,"href":"https:\/\/blog.cancaonova.com\/saojosedoscampos\/wp-json\/wp\/v2\/posts\/20766\/revisions\/20872"}],"wp:featuredmedia":[{"embeddable":true,"href":"https:\/\/blog.cancaonova.com\/saojosedoscampos\/wp-json\/wp\/v2\/media\/20768"}],"wp:attachment":[{"href":"https:\/\/blog.cancaonova.com\/saojosedoscampos\/wp-json\/wp\/v2\/media?parent=20766"}],"wp:term":[{"taxonomy":"category","embeddable":true,"href":"https:\/\/blog.cancaonova.com\/saojosedoscampos\/wp-json\/wp\/v2\/categories?post=20766"},{"taxonomy":"post_tag","embeddable":true,"href":"https:\/\/blog.cancaonova.com\/saojosedoscampos\/wp-json\/wp\/v2\/tags?post=20766"}],"curies":[{"name":"wp","href":"https:\/\/api.w.org\/{rel}","templated":true}]}}