{"id":20769,"date":"2022-06-08T13:20:01","date_gmt":"2022-06-08T16:20:01","guid":{"rendered":"http:\/\/blog.cancaonova.com\/saojosedoscampos\/?p=20769"},"modified":"2022-06-08T13:33:17","modified_gmt":"2022-06-08T16:33:17","slug":"jovens-cancao-nova-em-sao-jose-dos-campos","status":"publish","type":"post","link":"https:\/\/blog.cancaonova.com\/saojosedoscampos\/sem-categoria\/jovens-cancao-nova-em-sao-jose-dos-campos\/","title":{"rendered":"Jovens Can\u00e7\u00e3o Nova em S\u00e3o Jos\u00e9 dos Campos"},"content":{"rendered":"<p><strong><img loading=\"lazy\" decoding=\"async\" class=\"alignleft size-medium wp-image-20788\" src=\"http:\/\/blog.cancaonova.com\/saojosedoscampos\/files\/2022\/06\/PROJETO-FONTES-4-1606-240x300.png\" alt=\"\" width=\"240\" height=\"300\" srcset=\"https:\/\/blog.cancaonova.com\/saojosedoscampos\/files\/2022\/06\/PROJETO-FONTES-4-1606-240x300.png 240w, https:\/\/blog.cancaonova.com\/saojosedoscampos\/files\/2022\/06\/PROJETO-FONTES-4-1606-768x960.png 768w, https:\/\/blog.cancaonova.com\/saojosedoscampos\/files\/2022\/06\/PROJETO-FONTES-4-1606.png 1080w\" sizes=\"(max-width: 240px) 100vw, 240px\" \/>O que \u00e9 o Fontes ?<\/strong><\/p>\n<p>O Projeto Fontes diz de um momento profundo de espiritualidade, a tem\u00e1tica \u00e9 abordada de maneira din\u00e2mica, criativa e atrativa, visando alcan\u00e7ar o cora\u00e7\u00e3o de cada jovem. \u00c9 um convite para juntos &#8220;bebermos das fontes&#8221;, que \u00e9 o pr\u00f3prio Deus. Somos Jovens Can\u00e7\u00e3o Nova, que fazem parte ou se identificam com o Carisma Can\u00e7\u00e3o Nova. Priorizamos sempre o Encontro pessoal com Cristo na efic\u00e1cia do Esp\u00edrito Santo. A marca registrada do projeto Fontes s\u00e3o as artes e os recursos audiovisuais que garantem uma melhor comunica\u00e7\u00e3o do conte\u00fado e experi\u00eancia que queremos transmitir.<\/p>\n<p>Aqui em S\u00e3o Jos\u00e9 dos Campos teremos o nosso primeiro encontro. Que ser\u00e1 no dia 16\/06\/2022, 19h. Na Casa de Evangeliza\u00e7\u00e3o da Can\u00e7\u00e3o Nova, no endere\u00e7o &#8211;\u00a0 Rua Itoror\u00f3 186 &#8211; Jardim Paulista<\/p>\n<p>O que n\u00f3s desejamos viver no Fontes ?<br \/>\nO grande objetivo do projeto Fontes \u00e9 levar cada jovem a ter uma experi\u00eancia pessoal com Deus, por isso \u00e9 um momento forte de ora\u00e7\u00e3o com liberdade e espontaneidade no Esp\u00edrito, deixando-se conduzir por Ele, no uso dos dons, atentos e d\u00f3ceis as mo\u00e7\u00f5es e inspira\u00e7\u00f5es que forem trazidas. \u00c9 o Esp\u00edrito o agente condutor de todo este momento.<\/p>\n<p>Leia tamb\u00e9m:<\/p>\n<ul>\n<li><a href=\"https:\/\/comunidade.cancaonova.com\/sem-categoria\/ministerio-jovens-cn-um-mover-de-deus-na-evangelizacao-da-juventude\/\" target=\"_blank\" rel=\"noopener\">Minist\u00e9rio Jovens Can\u00e7\u00e3o Nova: um mover de Deus na evangeliza\u00e7\u00e3o!<\/a><\/li>\n<li><a href=\"https:\/\/blog.cancaonova.com\/saojosedoscampos\/agenda\/ministerio-jovem\/\" target=\"_blank\" rel=\"noopener\">Jovens Can\u00e7\u00e3o Nova em S\u00e3o Jos\u00e9 dos Campos<\/a><\/li>\n<li><a href=\"https:\/\/www.youtube.com\/c\/JovensCan%C3%A7%C3%A3oNova\" target=\"_blank\" rel=\"noopener\">Jovens Can\u00e7\u00e3o Nova no youtube<\/a><\/li>\n<\/ul>\n<p>Como fazemos o Fontes acontecer ?<br \/>\nO primeiro desta s\u00e9rie de tr\u00eas Fontes, que teremos ao longo do ano, com o tema: Disconnection. O qual iremos abordar com m\u00fasicas, haja vista o nosso nome, Can\u00e7\u00e3o Nova. Que nos leva a viver essa espontaneidade do Esp\u00edrito. Com Artes, onde n\u00f3s sabemos que no Belo \u00e9 que Deus se revela. Ele que \u00e9 o primeiro artista. Atrav\u00e9s das postagens e Comunica\u00e7\u00e3o Visual, al\u00e9m de uma ambientaliza\u00e7\u00e3o pr\u00f3pria e caracter\u00edstica para os jovens ! Para acolher voc\u00ea aqui na nossa casa, pois desejamos levar a cada um a ter essa experi\u00eancia de se sentir de fato em casa.<\/p>\n<p>Padre Jonas recebeu o chamado para come\u00e7ar com os Jovens, pois com os jovens \u00e9 mais f\u00e1cil ! Ent\u00e3o Deus quer mesmo come\u00e7ar algo novo em n\u00f3s neste tempo.<\/p>\n<p>N\u00f3s, Jovens Can\u00e7\u00e3o Nova, esperamos voc\u00ea aqui conosco !<\/p>\n<p>&nbsp;<\/p>\n<p><strong><img loading=\"lazy\" decoding=\"async\" class=\"alignleft wp-image-20651\" src=\"http:\/\/blog.cancaonova.com\/saojosedoscampos\/files\/2022\/03\/Novo-Projeto-1-150x150.png\" alt=\"\" width=\"120\" height=\"120\" srcset=\"https:\/\/blog.cancaonova.com\/saojosedoscampos\/files\/2022\/03\/Novo-Projeto-1-150x150.png 150w, https:\/\/blog.cancaonova.com\/saojosedoscampos\/files\/2022\/03\/Novo-Projeto-1.png 268w\" sizes=\"(max-width: 120px) 100vw, 120px\" \/><\/strong><\/p>\n<p>&nbsp;<\/p>\n<p><strong>Vinicius Fonseca<\/strong> &#8211; Mission\u00e1rio da Comunidade Can\u00e7\u00e3o Nova. Respons\u00e1vel pelo Minist\u00e9rio Jovens Can\u00e7\u00e3o Nova local.\u00a0 Atualmente na Frente de Miss\u00e3o da Can\u00e7\u00e3o Nova em S\u00e3o Jos\u00e9 dos Campos\/SP.<\/p>\n<p>&nbsp;<\/p>\n","protected":false},"excerpt":{"rendered":"<p>O que \u00e9 o Fontes ? O Projeto Fontes diz de um momento profundo de espiritualidade, a tem\u00e1tica \u00e9 abordada de maneira din\u00e2mica, criativa e atrativa, visando alcan\u00e7ar o cora\u00e7\u00e3o de cada jovem. \u00c9 um convite para juntos &#8220;bebermos das&#8230;<\/p>\n","protected":false},"author":4753,"featured_media":20788,"comment_status":"open","ping_status":"open","sticky":false,"template":"","format":"standard","meta":{"_mi_skip_tracking":false,"_monsterinsights_sitenote_active":false,"_monsterinsights_sitenote_note":"","_monsterinsights_sitenote_category":0,"footnotes":""},"categories":[4],"tags":[],"_links":{"self":[{"href":"https:\/\/blog.cancaonova.com\/saojosedoscampos\/wp-json\/wp\/v2\/posts\/20769"}],"collection":[{"href":"https:\/\/blog.cancaonova.com\/saojosedoscampos\/wp-json\/wp\/v2\/posts"}],"about":[{"href":"https:\/\/blog.cancaonova.com\/saojosedoscampos\/wp-json\/wp\/v2\/types\/post"}],"author":[{"embeddable":true,"href":"https:\/\/blog.cancaonova.com\/saojosedoscampos\/wp-json\/wp\/v2\/users\/4753"}],"replies":[{"embeddable":true,"href":"https:\/\/blog.cancaonova.com\/saojosedoscampos\/wp-json\/wp\/v2\/comments?post=20769"}],"version-history":[{"count":8,"href":"https:\/\/blog.cancaonova.com\/saojosedoscampos\/wp-json\/wp\/v2\/posts\/20769\/revisions"}],"predecessor-version":[{"id":20784,"href":"https:\/\/blog.cancaonova.com\/saojosedoscampos\/wp-json\/wp\/v2\/posts\/20769\/revisions\/20784"}],"wp:featuredmedia":[{"embeddable":true,"href":"https:\/\/blog.cancaonova.com\/saojosedoscampos\/wp-json\/wp\/v2\/media\/20788"}],"wp:attachment":[{"href":"https:\/\/blog.cancaonova.com\/saojosedoscampos\/wp-json\/wp\/v2\/media?parent=20769"}],"wp:term":[{"taxonomy":"category","embeddable":true,"href":"https:\/\/blog.cancaonova.com\/saojosedoscampos\/wp-json\/wp\/v2\/categories?post=20769"},{"taxonomy":"post_tag","embeddable":true,"href":"https:\/\/blog.cancaonova.com\/saojosedoscampos\/wp-json\/wp\/v2\/tags?post=20769"}],"curies":[{"name":"wp","href":"https:\/\/api.w.org\/{rel}","templated":true}]}}