{"id":20806,"date":"2022-07-12T15:22:02","date_gmt":"2022-07-12T18:22:02","guid":{"rendered":"http:\/\/blog.cancaonova.com\/saojosedoscampos\/?p=20806"},"modified":"2022-07-17T13:24:35","modified_gmt":"2022-07-17T16:24:35","slug":"celebrando-20-anos-cancao-nova-em-sao-jose-dos-campos","status":"publish","type":"post","link":"https:\/\/blog.cancaonova.com\/saojosedoscampos\/sem-categoria\/celebrando-20-anos-cancao-nova-em-sao-jose-dos-campos\/","title":{"rendered":"Celebrando 20 anos Can\u00e7\u00e3o nova em S\u00e3o Jos\u00e9 dos Campos"},"content":{"rendered":"<p><img loading=\"lazy\" decoding=\"async\" class=\"alignleft size-thumbnail wp-image-20807\" src=\"http:\/\/blog.cancaonova.com\/saojosedoscampos\/files\/2022\/07\/51307390028_348dc15caf_k-150x150.jpg\" alt=\"\" width=\"150\" height=\"150\" \/>A Can\u00e7\u00e3o Nova em S\u00e3o Jos\u00e9 dos Campos, cidade conhecida como CORA\u00c7\u00c3O DO VALE DO PARA\u00cdBA completa 20 anos de miss\u00e3o, neste ano de 2022. Um tempo comemorado, com nomenclatura de BODAS DE PORCELANA. Este tempo, referencia-se a resist\u00eancia. Embora a porcelana pare\u00e7a um material delicado e fr\u00e1gil, para atingir seu aspecto passa por v\u00e1rios processos, at\u00e9 atingir a beleza, valor e qualidade m\u00e1xima.<\/p>\n<p>A Can\u00e7\u00e3o Nova e o relacionamento com os Joseenses atingiu a resist\u00eancia de porcelana. Ap\u00f3s lutas, batalhas, desconstru\u00e7\u00f5es e constru\u00e7\u00f5es, permanece nesta cidade, realizando a miss\u00e3o de levar o<br \/>\nEvangelho vivo e vivido. Com objetivo celebrar as vit\u00f3rias de Deus, vit\u00f3rias dos projetos que o mesmo Deus quis e tem para a cidade e para o Carisma Can\u00e7\u00e3o Nova, em sua forma de Evangeliza\u00e7\u00e3o, neste territ\u00f3rio, a Can\u00e7\u00e3o Nova em S\u00e3o Jos\u00e9 dos Campos, promover\u00e1 um Kair\u00f3s no dia 31 de JULHO, com o tema: Do Cora\u00e7\u00e3o de Deus para o Cora\u00e7\u00e3o do Vale. O evento ter\u00e1 como participa\u00e7\u00f5es as seguintes presen\u00e7as: Dom Jos\u00e9 Valmor C\u00e9sar (Bispo da diocese de S\u00e3o Jos\u00e9 dos Campos), Pe. Gevanildo Torres, Pe. Roger Luis, Luzia Santiago, Rogerinha, Dani Miranda e os cantores: Eliana Ribeiro e Walmir Alencar.<\/p>\n<p>O evento ser\u00e1 realizado no CENTRO DA JUVENTUDE, localizado na Rua Aurora Pinto da Cunha, 131 \u2013 Jardim Am\u00e9rica, S\u00e3o Jos\u00e9 dos Campos. Viveremos um dia de prega\u00e7\u00f5es, m\u00fasica, louvor, ora\u00e7\u00e3o e a Santa Missa presencial e transmitido pela Radio 95.9, tamb\u00e9m pelo Facebook e You tube @cancaonovasjc. O evento contar\u00e1 com servi\u00e7os da Can\u00e7\u00e3o Nova, tais como o Clube da Evangeliza\u00e7\u00e3o, loja Can\u00e7\u00e3o Nova, lanchonete, presen\u00e7as de parceiros na evangeliza\u00e7\u00e3o e alimenta\u00e7\u00e3o.<br \/>\nVoc\u00ea \u00e9 o nosso convidado especial! Para participar n\u00e3o ser\u00e1 necess\u00e1rio inscri\u00e7\u00e3o, a entrada \u00e9 solid\u00e1ria: 1 kg de alimento n\u00e3o perec\u00edvel.<br \/>\nORGANIZE SUA CARAVANA, cadastre sua Caravana &#8211; <a href=\"https:\/\/forms.gle\/7F6zQCyEUPeXzaHn6\" target=\"_blank\" rel=\"noopener\">CONFIRME A SUA CARAVANA AQUI<\/a><br \/>\nVENHA PARTICIPAR CONOSCO!<\/p>\n","protected":false},"excerpt":{"rendered":"<p>A Can\u00e7\u00e3o Nova em S\u00e3o Jos\u00e9 dos Campos, cidade conhecida como CORA\u00c7\u00c3O DO VALE DO PARA\u00cdBA completa 20 anos de miss\u00e3o, neste ano de 2022. Um tempo comemorado, com nomenclatura de BODAS DE PORCELANA. Este tempo, referencia-se a resist\u00eancia. Embora&#8230;<\/p>\n","protected":false},"author":4753,"featured_media":20807,"comment_status":"open","ping_status":"open","sticky":false,"template":"","format":"standard","meta":{"_mi_skip_tracking":false,"_monsterinsights_sitenote_active":false,"_monsterinsights_sitenote_note":"","_monsterinsights_sitenote_category":0,"footnotes":""},"categories":[4],"tags":[],"_links":{"self":[{"href":"https:\/\/blog.cancaonova.com\/saojosedoscampos\/wp-json\/wp\/v2\/posts\/20806"}],"collection":[{"href":"https:\/\/blog.cancaonova.com\/saojosedoscampos\/wp-json\/wp\/v2\/posts"}],"about":[{"href":"https:\/\/blog.cancaonova.com\/saojosedoscampos\/wp-json\/wp\/v2\/types\/post"}],"author":[{"embeddable":true,"href":"https:\/\/blog.cancaonova.com\/saojosedoscampos\/wp-json\/wp\/v2\/users\/4753"}],"replies":[{"embeddable":true,"href":"https:\/\/blog.cancaonova.com\/saojosedoscampos\/wp-json\/wp\/v2\/comments?post=20806"}],"version-history":[{"count":4,"href":"https:\/\/blog.cancaonova.com\/saojosedoscampos\/wp-json\/wp\/v2\/posts\/20806\/revisions"}],"predecessor-version":[{"id":20811,"href":"https:\/\/blog.cancaonova.com\/saojosedoscampos\/wp-json\/wp\/v2\/posts\/20806\/revisions\/20811"}],"wp:featuredmedia":[{"embeddable":true,"href":"https:\/\/blog.cancaonova.com\/saojosedoscampos\/wp-json\/wp\/v2\/media\/20807"}],"wp:attachment":[{"href":"https:\/\/blog.cancaonova.com\/saojosedoscampos\/wp-json\/wp\/v2\/media?parent=20806"}],"wp:term":[{"taxonomy":"category","embeddable":true,"href":"https:\/\/blog.cancaonova.com\/saojosedoscampos\/wp-json\/wp\/v2\/categories?post=20806"},{"taxonomy":"post_tag","embeddable":true,"href":"https:\/\/blog.cancaonova.com\/saojosedoscampos\/wp-json\/wp\/v2\/tags?post=20806"}],"curies":[{"name":"wp","href":"https:\/\/api.w.org\/{rel}","templated":true}]}}