{"id":20817,"date":"2022-08-09T12:36:20","date_gmt":"2022-08-09T15:36:20","guid":{"rendered":"http:\/\/blog.cancaonova.com\/saojosedoscampos\/?p=20817"},"modified":"2022-08-23T10:36:35","modified_gmt":"2022-08-23T13:36:35","slug":"quem-como-deus-2","status":"publish","type":"post","link":"https:\/\/blog.cancaonova.com\/saojosedoscampos\/sem-categoria\/quem-como-deus-2\/","title":{"rendered":"Quem como Deus?"},"content":{"rendered":"<p><img loading=\"lazy\" decoding=\"async\" class=\"alignleft wp-image-20819\" src=\"http:\/\/blog.cancaonova.com\/saojosedoscampos\/files\/2022\/08\/QUARESMA-DE-S\u00c3O-MIGUEL-ARCANJO-300x300.jpg\" alt=\"\" width=\"278\" height=\"278\" srcset=\"https:\/\/blog.cancaonova.com\/saojosedoscampos\/files\/2022\/08\/QUARESMA-DE-S\u00c3O-MIGUEL-ARCANJO-300x300.jpg 300w, https:\/\/blog.cancaonova.com\/saojosedoscampos\/files\/2022\/08\/QUARESMA-DE-S\u00c3O-MIGUEL-ARCANJO-150x150.jpg 150w, https:\/\/blog.cancaonova.com\/saojosedoscampos\/files\/2022\/08\/QUARESMA-DE-S\u00c3O-MIGUEL-ARCANJO-768x768.jpg 768w, https:\/\/blog.cancaonova.com\/saojosedoscampos\/files\/2022\/08\/QUARESMA-DE-S\u00c3O-MIGUEL-ARCANJO.jpg 1080w\" sizes=\"(max-width: 278px) 100vw, 278px\" \/><strong>Quaresma de S\u00e3o Miguel Arcanjo<\/strong><\/p>\n<p>Dia 15 de Agosto, iniciamos a Quaresma de S\u00e3o Miguel Arcanjo, esta espiritualidade come\u00e7ou na Idade M\u00e9dia, quando S\u00e3o Francisco de Assis. Ele sabia da fama da fama do Arcanjo S\u00e3o Miguel, no exerc\u00edcio das almas, salv\u00e1-las\u00a0 em seu \u00faltimo instante de vida. S\u00e3o Francisco tendo em seu cora\u00e7\u00e3o o desejo de salvar a todos os homens, esse foi o motivo de dedicar a S\u00e3o Miguel um tempo especial de devo\u00e7\u00e3o.<\/p>\n<p>Durante essa experi\u00eancia vivida por S\u00e3o Francisco, Deus aben\u00e7oou sua vida de gra\u00e7as abundantes, dentre elas, pelo profundo desejo do santo de imitar Jesus, os sinais da Paix\u00e3o de Cristo no seu corpo. Com este desejo iniciou a Quaresma de S\u00e3o Miguel Arcanjo.<\/p>\n<p>Saiba tamb\u00e9m:<\/p>\n<ul>\n<li><a href=\"https:\/\/padrepauloricardo.org\/blog\/oracoes-para-a-quaresma-de-sao-miguel\" target=\"_blank\" rel=\"noopener\">Ora\u00e7\u00e3o da Quaresma de S\u00e3o Miguel<\/a><\/li>\n<li><a href=\"https:\/\/santo.cancaonova.com\/santo\/santos-arcanjos-miguel-gabriel-e-rafael\/\" target=\"_blank\" rel=\"noopener\">Conhe\u00e7a sobre os Arcanjos<\/a><\/li>\n<li><a href=\"https:\/\/formacao.cancaonova.com\/igreja\/catequese\/conheca-mais-sobre-intercessao-dos-santos-anjos\/\" target=\"_blank\" rel=\"noopener\">Conhe\u00e7a mais sobre os anjos<\/a><\/li>\n<\/ul>\n<p>Por isso, no dia 15 de Agosto somos convidados a viver este tempo de ora\u00e7\u00e3o. E aqui em S\u00e3o Jos\u00e9 dos Campos na Casa de Evangeliza\u00e7\u00e3o da Can\u00e7\u00e3o Nova iremos viver esta experi\u00eancia de forma especial nas segundas-feiras. Ser\u00e3o sete segundas-feiras onde rezaremos juntos e voc\u00ea poder\u00e1 rezar nos outros dias em sua casa. E no dia 29 de Setembro encerramento na Festa dos Arcanjos.<\/p>\n<p>Teremos a presen\u00e7a de sacerdotes e m\u00fasicos cat\u00f3licos que nos conduzir\u00e3o na experi\u00eancia de proclamar quem como Deus!<\/p>\n<p>Iniciaremos as 19h com a ora\u00e7\u00e3o pr\u00f3pria da Quaresma e as 20h a Santa Missa e Adora\u00e7\u00e3o.<\/p>\n<p>Segue as datas e as presen\u00e7as:<\/p>\n<p>&nbsp;<\/p>\n<p>15\/08 &#8211; Padre Gevanildo Torres\/ Minist\u00e9rio de M\u00fasica Can\u00e7\u00e3o Nova SJC<\/p>\n<p>22\/08 &#8211; Padre Gevanildo Torres\/ Camila Alves<\/p>\n<p>29\/09 &#8211; Padre Willian Guimar\u00e3es\/ Orlando J\u00fanior<\/p>\n<p>05\/09 &#8211; Padre Alexsandro Freitas\/ Andr\u00e9 Flor\u00eancio<\/p>\n<p>12\/09 &#8211; Padre Ricardo Rezende\/ Pitter Di Laura<\/p>\n<p>19\/09 &#8211; Padre Edmilson Leite<\/p>\n<p>26\/09 &#8211; Padre F\u00e1bio Lima\/ Minist\u00e9rio Dom de Deus<\/p>\n<p>29\/09 &#8211; Padre Gevanildo Torres\/ Minist\u00e9rio de M\u00fasica Can\u00e7\u00e3o Nova SJC<\/p>\n","protected":false},"excerpt":{"rendered":"<p>Quaresma de S\u00e3o Miguel Arcanjo Dia 15 de Agosto, iniciamos a Quaresma de S\u00e3o Miguel Arcanjo, esta espiritualidade come\u00e7ou na Idade M\u00e9dia, quando S\u00e3o Francisco de Assis. Ele sabia da fama da fama do Arcanjo S\u00e3o Miguel, no exerc\u00edcio das&#8230;<\/p>\n","protected":false},"author":4753,"featured_media":20819,"comment_status":"open","ping_status":"open","sticky":false,"template":"","format":"standard","meta":{"_mi_skip_tracking":false,"_monsterinsights_sitenote_active":false,"_monsterinsights_sitenote_note":"","_monsterinsights_sitenote_category":0,"footnotes":""},"categories":[4],"tags":[],"_links":{"self":[{"href":"https:\/\/blog.cancaonova.com\/saojosedoscampos\/wp-json\/wp\/v2\/posts\/20817"}],"collection":[{"href":"https:\/\/blog.cancaonova.com\/saojosedoscampos\/wp-json\/wp\/v2\/posts"}],"about":[{"href":"https:\/\/blog.cancaonova.com\/saojosedoscampos\/wp-json\/wp\/v2\/types\/post"}],"author":[{"embeddable":true,"href":"https:\/\/blog.cancaonova.com\/saojosedoscampos\/wp-json\/wp\/v2\/users\/4753"}],"replies":[{"embeddable":true,"href":"https:\/\/blog.cancaonova.com\/saojosedoscampos\/wp-json\/wp\/v2\/comments?post=20817"}],"version-history":[{"count":5,"href":"https:\/\/blog.cancaonova.com\/saojosedoscampos\/wp-json\/wp\/v2\/posts\/20817\/revisions"}],"predecessor-version":[{"id":20831,"href":"https:\/\/blog.cancaonova.com\/saojosedoscampos\/wp-json\/wp\/v2\/posts\/20817\/revisions\/20831"}],"wp:featuredmedia":[{"embeddable":true,"href":"https:\/\/blog.cancaonova.com\/saojosedoscampos\/wp-json\/wp\/v2\/media\/20819"}],"wp:attachment":[{"href":"https:\/\/blog.cancaonova.com\/saojosedoscampos\/wp-json\/wp\/v2\/media?parent=20817"}],"wp:term":[{"taxonomy":"category","embeddable":true,"href":"https:\/\/blog.cancaonova.com\/saojosedoscampos\/wp-json\/wp\/v2\/categories?post=20817"},{"taxonomy":"post_tag","embeddable":true,"href":"https:\/\/blog.cancaonova.com\/saojosedoscampos\/wp-json\/wp\/v2\/tags?post=20817"}],"curies":[{"name":"wp","href":"https:\/\/api.w.org\/{rel}","templated":true}]}}