{"id":20824,"date":"2022-08-16T13:21:23","date_gmt":"2022-08-16T16:21:23","guid":{"rendered":"http:\/\/blog.cancaonova.com\/saojosedoscampos\/?p=20824"},"modified":"2022-08-16T13:22:54","modified_gmt":"2022-08-16T16:22:54","slug":"20824","status":"publish","type":"post","link":"https:\/\/blog.cancaonova.com\/saojosedoscampos\/sem-categoria\/20824\/","title":{"rendered":"Jornada da Fam\u00edlia"},"content":{"rendered":"<p><img loading=\"lazy\" decoding=\"async\" class=\"alignleft wp-image-20823\" src=\"http:\/\/blog.cancaonova.com\/saojosedoscampos\/files\/2022\/08\/JRND.FML-FEED_OFC-300x300.jpg\" alt=\"\" width=\"193\" height=\"193\" srcset=\"https:\/\/blog.cancaonova.com\/saojosedoscampos\/files\/2022\/08\/JRND.FML-FEED_OFC-300x300.jpg 300w, https:\/\/blog.cancaonova.com\/saojosedoscampos\/files\/2022\/08\/JRND.FML-FEED_OFC-150x150.jpg 150w, https:\/\/blog.cancaonova.com\/saojosedoscampos\/files\/2022\/08\/JRND.FML-FEED_OFC-768x768.jpg 768w\" sizes=\"(max-width: 193px) 100vw, 193px\" \/>Voc\u00ea sabia que na batalha espiritual ente Anjos e Dem\u00f4nios a sua fam\u00edlia \u00e9 o alvo?<\/p>\n<p>Os tempos s\u00e3o maus e a persegui\u00e7\u00e3o contra as fam\u00edlias \u00e9 real, por isso precisamos do aux\u00edlio dos Anjos nos nossos lares. Infelizmente n\u00e3o aprendemos sobre Anjos e Dem\u00f4nios em nossa catequese, durante a nossa caminha de f\u00e9, mas agora voc\u00ea ter\u00e1 essa oportunidade:<\/p>\n<p>Em parceira com a Comunidade Ruah, n\u00f3s iremos realizar a JORNADA DA FAM\u00cdLIA, a maior forma\u00e7\u00e3o gratuita sobre cura e liberta\u00e7\u00e3o para fam\u00edlias.<\/p>\n<p>Evento On-line, Ao Vivo e Gratuito que ser\u00e1 transmitido aqui da Can\u00e7\u00e3o Nova de S\u00e3o Jos\u00e9 dos Campos-SP.<\/p>\n<p>Presencial: Casa de Evangeliza\u00e7\u00e3o Can\u00e7\u00e3o Nova &#8211; SJC<\/p>\n<p>Nestes dias voc\u00ea ir\u00e1 aprender como o dem\u00f4nio age para perder a sua fam\u00edlia e como os Anjos, de maneira especial S\u00e3o Rafael Arcanjo, age para proteg\u00ea-la.<\/p>\n<p>Acesse o link abaixo e fa\u00e7a agora a sua inscri\u00e7\u00e3o gratuitamente:<\/p>\n<p><a href=\"https:\/\/jornadadafamilia.com.br\/\" target=\"_blank\" rel=\"noopener\">jornadadafamilia.com.br<\/a><\/p>\n<p>N\u00f3s esperamos voc\u00ea!<\/p>\n","protected":false},"excerpt":{"rendered":"<p>Voc\u00ea sabia que na batalha espiritual ente Anjos e Dem\u00f4nios a sua fam\u00edlia \u00e9 o alvo? Os tempos s\u00e3o maus e a persegui\u00e7\u00e3o contra as fam\u00edlias \u00e9 real, por isso precisamos do aux\u00edlio dos Anjos nos nossos lares. Infelizmente n\u00e3o&#8230;<\/p>\n","protected":false},"author":4753,"featured_media":20823,"comment_status":"open","ping_status":"open","sticky":false,"template":"","format":"standard","meta":{"_mi_skip_tracking":false,"_monsterinsights_sitenote_active":false,"_monsterinsights_sitenote_note":"","_monsterinsights_sitenote_category":0,"footnotes":""},"categories":[4],"tags":[],"_links":{"self":[{"href":"https:\/\/blog.cancaonova.com\/saojosedoscampos\/wp-json\/wp\/v2\/posts\/20824"}],"collection":[{"href":"https:\/\/blog.cancaonova.com\/saojosedoscampos\/wp-json\/wp\/v2\/posts"}],"about":[{"href":"https:\/\/blog.cancaonova.com\/saojosedoscampos\/wp-json\/wp\/v2\/types\/post"}],"author":[{"embeddable":true,"href":"https:\/\/blog.cancaonova.com\/saojosedoscampos\/wp-json\/wp\/v2\/users\/4753"}],"replies":[{"embeddable":true,"href":"https:\/\/blog.cancaonova.com\/saojosedoscampos\/wp-json\/wp\/v2\/comments?post=20824"}],"version-history":[{"count":2,"href":"https:\/\/blog.cancaonova.com\/saojosedoscampos\/wp-json\/wp\/v2\/posts\/20824\/revisions"}],"predecessor-version":[{"id":20826,"href":"https:\/\/blog.cancaonova.com\/saojosedoscampos\/wp-json\/wp\/v2\/posts\/20824\/revisions\/20826"}],"wp:featuredmedia":[{"embeddable":true,"href":"https:\/\/blog.cancaonova.com\/saojosedoscampos\/wp-json\/wp\/v2\/media\/20823"}],"wp:attachment":[{"href":"https:\/\/blog.cancaonova.com\/saojosedoscampos\/wp-json\/wp\/v2\/media?parent=20824"}],"wp:term":[{"taxonomy":"category","embeddable":true,"href":"https:\/\/blog.cancaonova.com\/saojosedoscampos\/wp-json\/wp\/v2\/categories?post=20824"},{"taxonomy":"post_tag","embeddable":true,"href":"https:\/\/blog.cancaonova.com\/saojosedoscampos\/wp-json\/wp\/v2\/tags?post=20824"}],"curies":[{"name":"wp","href":"https:\/\/api.w.org\/{rel}","templated":true}]}}