{"id":20828,"date":"2022-08-22T13:45:10","date_gmt":"2022-08-22T16:45:10","guid":{"rendered":"http:\/\/blog.cancaonova.com\/saojosedoscampos\/?p=20828"},"modified":"2022-09-13T15:44:06","modified_gmt":"2022-09-13T18:44:06","slug":"cancao-nova-em-missao-3","status":"publish","type":"post","link":"https:\/\/blog.cancaonova.com\/saojosedoscampos\/sem-categoria\/cancao-nova-em-missao-3\/","title":{"rendered":"Can\u00e7\u00e3o Nova em Miss\u00e3o"},"content":{"rendered":"<p>Nossa Miss\u00e3o \u00e9 Evangelizar!<\/p>\n<p>A ordem do Senhor para seus disc\u00edpulos e para n\u00f3s \u00e9: \u201cIde por todo mundo e a todos pregai o<br \/>\nEvangelho. (Cf. 16,15).<\/p>\n<p>Deus deu tamb\u00e9m a miss\u00e3o de promover a experi\u00eancia pessoal do encontro com Jesus na efic\u00e1cia do<br \/>\nEsp\u00edrito Santo, com intuito de preparar um povo bem disposto para a Segunda Vinda d \u0301Ele.<br \/>\nCom este intuito, no dia 25 de agosto a Can\u00e7\u00e3o Nova em S\u00e3o Jos\u00e9 dos Campos estar\u00e1 junto com o<br \/>\nsantu\u00e1rio Nossa Senhora do Carmo, promovendo uma quinta-feira de adora\u00e7\u00e3o.<\/p>\n<p>O tema ser\u00e1: Vem e Segui-ME (Mt 19,21)<\/p>\n<p>Uma tarde de louvor, prega\u00e7\u00e3o, adora\u00e7\u00e3o e Santa Missa.<br \/>\nEste evento acontecer\u00e1 no Santu\u00e1rio Nossa Senhora do Carmo \u2013 R. Nossa Sra. do Carmo, 1 \u2013 Centro,<br \/>\nJacare\u00ed<\/p>\n<p>Neste dia teremos os servi\u00e7os do Clube da Evangeliza\u00e7\u00e3o, Loja Can\u00e7\u00e3o Nova e Bazar.<br \/>\nN\u00e3o \u00e9 necess\u00e1rio realizar inscri\u00e7\u00e3o.<\/p>\n<p>O evento ser\u00e1 transmitido pelas m\u00eddias sociais da miss\u00e3o e pela r\u00e1dio Can\u00e7\u00e3o Nova FM 95.9.<\/p>\n<p>Confira\u00a0 a programa\u00e7\u00e3o<\/p>\n<p>13h00 Anima\u00e7\u00e3o<\/p>\n<p>13h00 Ora\u00e7\u00e3o<\/p>\n<p>14h00 Prega\u00e7\u00e3o: Ana Raquel &#8211; Tema: Ser de Deus: Nosso Primeiro chamado<\/p>\n<p>15h00 Ter\u00e7o da Miseric\u00f3rdia com Jesus Eucar\u00edstico: Pe. Gevanildo \/ Dauana<\/p>\n<p>16h00 Intervalo<\/p>\n<p>16h30 Anima\u00e7\u00e3o<\/p>\n<p>16h50 Prega\u00e7\u00e3o: Telma &#8211; Tema: Vem e Segui-ME (Mt 19,21)<\/p>\n<p>17h50 Ora\u00e7\u00e3o<\/p>\n<p>18h00 Intervalo<\/p>\n<p>18h30 Ter\u00e7o Mariano: Cheila<\/p>\n<p>19h00 Missa: Pe. Gevanildo Torres<\/p>\n<p>20h30 Adora\u00e7\u00e3o<\/p>\n<p>21h00 Encerramento<\/p>\n","protected":false},"excerpt":{"rendered":"<p>Nossa Miss\u00e3o \u00e9 Evangelizar! A ordem do Senhor para seus disc\u00edpulos e para n\u00f3s \u00e9: \u201cIde por todo mundo e a todos pregai o Evangelho. (Cf. 16,15). Deus deu tamb\u00e9m a miss\u00e3o de promover a experi\u00eancia pessoal do encontro com&#8230;<\/p>\n","protected":false},"author":4753,"featured_media":20829,"comment_status":"open","ping_status":"open","sticky":false,"template":"","format":"standard","meta":{"_mi_skip_tracking":false,"_monsterinsights_sitenote_active":false,"_monsterinsights_sitenote_note":"","_monsterinsights_sitenote_category":0,"footnotes":""},"categories":[4],"tags":[],"_links":{"self":[{"href":"https:\/\/blog.cancaonova.com\/saojosedoscampos\/wp-json\/wp\/v2\/posts\/20828"}],"collection":[{"href":"https:\/\/blog.cancaonova.com\/saojosedoscampos\/wp-json\/wp\/v2\/posts"}],"about":[{"href":"https:\/\/blog.cancaonova.com\/saojosedoscampos\/wp-json\/wp\/v2\/types\/post"}],"author":[{"embeddable":true,"href":"https:\/\/blog.cancaonova.com\/saojosedoscampos\/wp-json\/wp\/v2\/users\/4753"}],"replies":[{"embeddable":true,"href":"https:\/\/blog.cancaonova.com\/saojosedoscampos\/wp-json\/wp\/v2\/comments?post=20828"}],"version-history":[{"count":1,"href":"https:\/\/blog.cancaonova.com\/saojosedoscampos\/wp-json\/wp\/v2\/posts\/20828\/revisions"}],"predecessor-version":[{"id":20830,"href":"https:\/\/blog.cancaonova.com\/saojosedoscampos\/wp-json\/wp\/v2\/posts\/20828\/revisions\/20830"}],"wp:featuredmedia":[{"embeddable":true,"href":"https:\/\/blog.cancaonova.com\/saojosedoscampos\/wp-json\/wp\/v2\/media\/20829"}],"wp:attachment":[{"href":"https:\/\/blog.cancaonova.com\/saojosedoscampos\/wp-json\/wp\/v2\/media?parent=20828"}],"wp:term":[{"taxonomy":"category","embeddable":true,"href":"https:\/\/blog.cancaonova.com\/saojosedoscampos\/wp-json\/wp\/v2\/categories?post=20828"},{"taxonomy":"post_tag","embeddable":true,"href":"https:\/\/blog.cancaonova.com\/saojosedoscampos\/wp-json\/wp\/v2\/tags?post=20828"}],"curies":[{"name":"wp","href":"https:\/\/api.w.org\/{rel}","templated":true}]}}