{"id":20952,"date":"2023-02-15T10:00:19","date_gmt":"2023-02-15T13:00:19","guid":{"rendered":"https:\/\/blog.cancaonova.com\/saojosedoscampos\/?p=20952"},"modified":"2023-02-15T10:09:44","modified_gmt":"2023-02-15T13:09:44","slug":"minha-familia-e-sagrada","status":"publish","type":"post","link":"https:\/\/blog.cancaonova.com\/saojosedoscampos\/formacao\/minha-familia-e-sagrada\/","title":{"rendered":"Minha fam\u00edlia \u00e9 sagrada!"},"content":{"rendered":"<p><img loading=\"lazy\" decoding=\"async\" class=\"alignleft wp-image-20953 \" src=\"https:\/\/blog.cancaonova.com\/saojosedoscampos\/files\/2023\/02\/formacao_familia-lugar-da-pedagogia-do-amor-300x225.jpg\" alt=\"\" width=\"231\" height=\"173\" srcset=\"https:\/\/blog.cancaonova.com\/saojosedoscampos\/files\/2023\/02\/formacao_familia-lugar-da-pedagogia-do-amor-300x225.jpg 300w, https:\/\/blog.cancaonova.com\/saojosedoscampos\/files\/2023\/02\/formacao_familia-lugar-da-pedagogia-do-amor-768x576.jpg 768w, https:\/\/blog.cancaonova.com\/saojosedoscampos\/files\/2023\/02\/formacao_familia-lugar-da-pedagogia-do-amor.jpg 1600w\" sizes=\"(max-width: 231px) 100vw, 231px\" \/>Mais do que em qualquer lugar, \u00e9 na nossa casa, na nossa fam\u00edlia que n\u00f3s podemos dizer: Ele est\u00e1 no meio de n\u00f3s. Toda fam\u00edlia \u00e9 sagrada. Ela \u00e9 institui\u00e7\u00e3o de Deus. Voc\u00ea foi chamado a ser fam\u00edlia, a sua fam\u00edlia foi chamada a ser fam\u00edlia, n\u00e3o outra coisa&#8230;.<\/p>\n<p>Talvez a sua casa, a sua fam\u00edlia esteja toda quebradam quem sabe esmigalhadam mas ela n\u00e3o deixou de ser sagrada. Voc\u00ea n\u00e3o tem como juntar os cacos, mas Deus tem! Deus tem como juntar os cacos. Imagine agora, na sua casa, Jos\u00e9, Maria e Jesus se ajoelhando no ch\u00e3o, se debru\u00e7ando para recolher os cacos, para junt\u00e1-los. Imagine a Sagrada Fam\u00edlia de Jesus juntando os cacos da sua fam\u00edlia e se alegrando com cada caco recolhido e colocado no lugar, para refazer o sagrado que \u00e9 a sua fam\u00edlia. Talvez sua fam\u00edlia n\u00e3o se\u00a0 refa\u00e7a de uma hora para outra, mas Deus quer e pode refaze essa que \u00e9 a coisa mais sagrada que voc\u00ea tem: sua pr\u00f3pria fam\u00edlia. Contribua, coopere para que isso aconte\u00e7a.<\/p>\n<p>Leia tamb\u00e9m:<\/p>\n<ul>\n<li><a href=\"https:\/\/formacao.cancaonova.com\/familia\/pais-e-filhos\/o-valor-de-uma-familia\/\" target=\"_blank\" rel=\"noopener\">O valor de uma fam\u00edlia<\/a><\/li>\n<li><a href=\"https:\/\/formacao.cancaonova.com\/vocacao\/matrimonio\/o-que-sustenta-uma-familia\/\" target=\"_blank\" rel=\"noopener\">O que sustenta uma fam\u00edlia?<\/a><\/li>\n<li><a href=\"https:\/\/formacao.cancaonova.com\/familia\/pais-e-filhos\/quanto-tempo-devo-dedicar-a-minha-familia\/\" target=\"_blank\" rel=\"noopener\">Quanto tempo devo dedicar a minha fam\u00edlia?<\/a><\/li>\n<\/ul>\n<p>Na liturgia da Igreja, existe o dia da Sagrada Fam\u00edlia, cuja gra\u00e7a \u00e9 ele mesmo, o dia da festa. Neste dia, o Senhor renova, atualiza a gra\u00e7a e a ben\u00e7\u00e3o \u00e0 sua fam\u00edlia, a gra\u00e7a da salva\u00e7\u00e3o, independentemente do estado em que est\u00e1 a sua casa. Mesmo se estiver em desordem, uma complica\u00e7\u00e3o s\u00f3, o dia da Sagrada Fam\u00edlia \u00e9 um dia de salva\u00e7\u00e3o para sua casa. Eu n\u00e3o sei qual \u00e9 a situa\u00e7\u00e3o que voc\u00ea est\u00e1 vivendo, mas sua fam\u00edlia foi querida por Deus! Ela foi feita por Deus!<\/p>\n<p><img loading=\"lazy\" decoding=\"async\" class=\"alignleft wp-image-20954\" src=\"https:\/\/blog.cancaonova.com\/saojosedoscampos\/files\/2023\/02\/01.03036.jpg\" alt=\"\" width=\"187\" height=\"187\" srcset=\"https:\/\/blog.cancaonova.com\/saojosedoscampos\/files\/2023\/02\/01.03036.jpg 240w, https:\/\/blog.cancaonova.com\/saojosedoscampos\/files\/2023\/02\/01.03036-150x150.jpg 150w\" sizes=\"(max-width: 187px) 100vw, 187px\" \/><\/p>\n<p>Texto extra\u00eddo do Livro: Fam\u00edlias reconstru\u00eddas no amor de autoria do Monsenhor Jonas. Voc\u00ea pode adquirir este produto aqui na Loja Can\u00e7\u00e3o Nova em S\u00e3o Jos\u00e9 dos Campos &#8211; Rua: Itoror\u00f3, 186 no Bairro Jardim Paulista ou acesse:\u00a0<a href=\"https:\/\/loja.cancaonova.com\/\" target=\"_blank\" rel=\"noopener\">loja virtual<\/a>.<\/p>\n","protected":false},"excerpt":{"rendered":"<p>Mais do que em qualquer lugar, \u00e9 na nossa casa, na nossa fam\u00edlia que n\u00f3s podemos dizer: Ele est\u00e1 no meio de n\u00f3s. Toda fam\u00edlia \u00e9 sagrada. Ela \u00e9 institui\u00e7\u00e3o de Deus. Voc\u00ea foi chamado a ser fam\u00edlia, a sua&#8230;<\/p>\n","protected":false},"author":4753,"featured_media":20953,"comment_status":"open","ping_status":"open","sticky":false,"template":"","format":"standard","meta":{"_mi_skip_tracking":false,"_monsterinsights_sitenote_active":false,"_monsterinsights_sitenote_note":"","_monsterinsights_sitenote_category":0,"footnotes":""},"categories":[23],"tags":[],"_links":{"self":[{"href":"https:\/\/blog.cancaonova.com\/saojosedoscampos\/wp-json\/wp\/v2\/posts\/20952"}],"collection":[{"href":"https:\/\/blog.cancaonova.com\/saojosedoscampos\/wp-json\/wp\/v2\/posts"}],"about":[{"href":"https:\/\/blog.cancaonova.com\/saojosedoscampos\/wp-json\/wp\/v2\/types\/post"}],"author":[{"embeddable":true,"href":"https:\/\/blog.cancaonova.com\/saojosedoscampos\/wp-json\/wp\/v2\/users\/4753"}],"replies":[{"embeddable":true,"href":"https:\/\/blog.cancaonova.com\/saojosedoscampos\/wp-json\/wp\/v2\/comments?post=20952"}],"version-history":[{"count":1,"href":"https:\/\/blog.cancaonova.com\/saojosedoscampos\/wp-json\/wp\/v2\/posts\/20952\/revisions"}],"predecessor-version":[{"id":20955,"href":"https:\/\/blog.cancaonova.com\/saojosedoscampos\/wp-json\/wp\/v2\/posts\/20952\/revisions\/20955"}],"wp:featuredmedia":[{"embeddable":true,"href":"https:\/\/blog.cancaonova.com\/saojosedoscampos\/wp-json\/wp\/v2\/media\/20953"}],"wp:attachment":[{"href":"https:\/\/blog.cancaonova.com\/saojosedoscampos\/wp-json\/wp\/v2\/media?parent=20952"}],"wp:term":[{"taxonomy":"category","embeddable":true,"href":"https:\/\/blog.cancaonova.com\/saojosedoscampos\/wp-json\/wp\/v2\/categories?post=20952"},{"taxonomy":"post_tag","embeddable":true,"href":"https:\/\/blog.cancaonova.com\/saojosedoscampos\/wp-json\/wp\/v2\/tags?post=20952"}],"curies":[{"name":"wp","href":"https:\/\/api.w.org\/{rel}","templated":true}]}}