{"id":20963,"date":"2023-03-20T12:34:19","date_gmt":"2023-03-20T15:34:19","guid":{"rendered":"https:\/\/blog.cancaonova.com\/saojosedoscampos\/?p=20963"},"modified":"2023-03-20T12:43:21","modified_gmt":"2023-03-20T15:43:21","slug":"eu-luto-e-o-senhor-luta-comigo","status":"publish","type":"post","link":"https:\/\/blog.cancaonova.com\/saojosedoscampos\/sem-categoria\/eu-luto-e-o-senhor-luta-comigo\/","title":{"rendered":"Eu luto e o Senhor luta comigo!"},"content":{"rendered":"<p>O Senhor \u00e9 guerreiro, o seu nome \u00e9 Senhor. (\u00caxodo 15,3)<\/p>\n<p>Neste final de semana, domingo dia 26 de Mar\u00e7o acontecer\u00e1 o Kair\u00f3s &#8211; Eu Luto, Ele vence! Um Kair\u00f3s que nos ajudar\u00e1 a lutar com as armas certas nos combates que estamos passando.\u00a0 Com as presen\u00e7as: Padre Bruno Costa, Di\u00e1cono R\u00f4mulo Canuto, Christian Moreira e Altieres Gomes.<\/p>\n<p>O Senhor n\u00e3o observa de longe as lutas que estamos enfrentando em nossa casa, nos relacionamentos e dentro de n\u00f3s! Ele quer lutar conosco como guerreiro. E n\u00f3s devemos com ajuda Dele entrar nesta batalha.<\/p>\n<p>Venha participar conosco!<\/p>\n<p>Endere\u00e7o da Casa de Evangeliza\u00e7\u00e3o &#8211; Rua It\u00f3ror\u00f3, 186 &#8211; Jardim Paulista (Pr\u00f3ximo a Rodovi\u00e1ria Nova de S\u00e3o Jos\u00e9 dos Campos)<\/p>\n<p>Confira a nossa programa\u00e7\u00e3o:<\/p>\n<p>8h &#8211; Acolhida\/ Abertura da Casa de Evangeliza\u00e7\u00e3o<\/p>\n<p>09h &#8211; Anima\u00e7\u00e3o &#8211; Altieres<\/p>\n<p>09h15 &#8211; Prega\u00e7\u00e3o com Di\u00e1cono R\u00f4mulo Canuto: A ora\u00e7\u00e3o \u00e9 a sua melhor arma!<\/p>\n<p>10h30 &#8211; Intervalo\/Promo\u00e7\u00e3o de Palco<\/p>\n<p>11h- Anima\u00e7\u00e3o &#8211; Altieres<\/p>\n<p>11h15 &#8211; Prega\u00e7\u00e3o com Christian Moreira: Treinado por Deus no secreto para a vit\u00f3ria diante das Na\u00e7\u00f5es.<\/p>\n<div>\n<p>12h30 &#8211; Intervalo\/Promo\u00e7\u00e3o de Palco<\/p>\n<p>14h30 &#8211; Anima\u00e7\u00e3o &#8211; Altieres<\/p>\n<p>14h50 &#8211; Ter\u00e7o da Miseric\u00f3rdia<\/p>\n<p>15h15- Prega\u00e7\u00e3o com Di\u00e1cono R\u00f4mulo Canuto: A Palavra \u00e9 o teu caminho!<\/p>\n<p>16h15 &#8211; Intervalo\/Promo\u00e7\u00e3o de Palco<\/p>\n<p>17h &#8211; Santa Missa: Pe Bruno Costa<\/p>\n<p>18h &#8211; Adora\u00e7\u00e3o ao Sant\u00edssimo Sacramento &#8211; Di\u00e1cono R\u00f4mulo\/ Christian Moreira<\/p>\n<\/div>\n<p>OBS: A programa\u00e7\u00e3o deste evento est\u00e1 sujeita a altera\u00e7\u00e3o sem aviso pr\u00e9vio<\/p>\n<p>&nbsp;<\/p>\n","protected":false},"excerpt":{"rendered":"<p>O Senhor \u00e9 guerreiro, o seu nome \u00e9 Senhor. (\u00caxodo 15,3) Neste final de semana, domingo dia 26 de Mar\u00e7o acontecer\u00e1 o Kair\u00f3s &#8211; Eu Luto, Ele vence! Um Kair\u00f3s que nos ajudar\u00e1 a lutar com as armas certas nos&#8230;<\/p>\n","protected":false},"author":4753,"featured_media":20965,"comment_status":"open","ping_status":"open","sticky":false,"template":"","format":"standard","meta":{"_mi_skip_tracking":false,"_monsterinsights_sitenote_active":false,"_monsterinsights_sitenote_note":"","_monsterinsights_sitenote_category":0,"footnotes":""},"categories":[4],"tags":[],"_links":{"self":[{"href":"https:\/\/blog.cancaonova.com\/saojosedoscampos\/wp-json\/wp\/v2\/posts\/20963"}],"collection":[{"href":"https:\/\/blog.cancaonova.com\/saojosedoscampos\/wp-json\/wp\/v2\/posts"}],"about":[{"href":"https:\/\/blog.cancaonova.com\/saojosedoscampos\/wp-json\/wp\/v2\/types\/post"}],"author":[{"embeddable":true,"href":"https:\/\/blog.cancaonova.com\/saojosedoscampos\/wp-json\/wp\/v2\/users\/4753"}],"replies":[{"embeddable":true,"href":"https:\/\/blog.cancaonova.com\/saojosedoscampos\/wp-json\/wp\/v2\/comments?post=20963"}],"version-history":[{"count":2,"href":"https:\/\/blog.cancaonova.com\/saojosedoscampos\/wp-json\/wp\/v2\/posts\/20963\/revisions"}],"predecessor-version":[{"id":20966,"href":"https:\/\/blog.cancaonova.com\/saojosedoscampos\/wp-json\/wp\/v2\/posts\/20963\/revisions\/20966"}],"wp:featuredmedia":[{"embeddable":true,"href":"https:\/\/blog.cancaonova.com\/saojosedoscampos\/wp-json\/wp\/v2\/media\/20965"}],"wp:attachment":[{"href":"https:\/\/blog.cancaonova.com\/saojosedoscampos\/wp-json\/wp\/v2\/media?parent=20963"}],"wp:term":[{"taxonomy":"category","embeddable":true,"href":"https:\/\/blog.cancaonova.com\/saojosedoscampos\/wp-json\/wp\/v2\/categories?post=20963"},{"taxonomy":"post_tag","embeddable":true,"href":"https:\/\/blog.cancaonova.com\/saojosedoscampos\/wp-json\/wp\/v2\/tags?post=20963"}],"curies":[{"name":"wp","href":"https:\/\/api.w.org\/{rel}","templated":true}]}}