{"id":20981,"date":"2023-05-13T10:13:36","date_gmt":"2023-05-13T13:13:36","guid":{"rendered":"https:\/\/blog.cancaonova.com\/saojosedoscampos\/?p=20981"},"modified":"2023-05-13T10:14:38","modified_gmt":"2023-05-13T13:14:38","slug":"atencao-solteiros","status":"publish","type":"post","link":"https:\/\/blog.cancaonova.com\/saojosedoscampos\/sem-categoria\/atencao-solteiros\/","title":{"rendered":"Aten\u00e7\u00e3o, Solteiros!!"},"content":{"rendered":"<p><img loading=\"lazy\" decoding=\"async\" class=\"alignleft size-medium wp-image-20982\" src=\"https:\/\/blog.cancaonova.com\/saojosedoscampos\/files\/2023\/05\/CNSJC-CATHOLIC-SINGLE-CONFERENCE-300x300.jpg\" alt=\"\" width=\"300\" height=\"300\" srcset=\"https:\/\/blog.cancaonova.com\/saojosedoscampos\/files\/2023\/05\/CNSJC-CATHOLIC-SINGLE-CONFERENCE-300x300.jpg 300w, https:\/\/blog.cancaonova.com\/saojosedoscampos\/files\/2023\/05\/CNSJC-CATHOLIC-SINGLE-CONFERENCE-150x150.jpg 150w, https:\/\/blog.cancaonova.com\/saojosedoscampos\/files\/2023\/05\/CNSJC-CATHOLIC-SINGLE-CONFERENCE-768x768.jpg 768w, https:\/\/blog.cancaonova.com\/saojosedoscampos\/files\/2023\/05\/CNSJC-CATHOLIC-SINGLE-CONFERENCE.jpg 1080w\" sizes=\"(max-width: 300px) 100vw, 300px\" \/>Catholic Single Conference<br \/>\nDias: 10 e 11 de Junho<br \/>\nLocal: Casa de Evangeliza\u00e7\u00e3o da Can\u00e7\u00e3o Nova em S\u00e3o Jos\u00e9 dos Campos.<\/p>\n<p>Com o tema: O solteiro e sua singularidade, o evento tem como proposta promover o conhecimento deste tempo, como viver e investir. Na vida de uma pessoa o tempo de solteiro n\u00e3o \u00e9 um momento da vida dela que nada acontece. mas pelo contr\u00e1rio. Ningu\u00e9m ir\u00e1 te completar caso voc\u00ea n\u00e3o esteja completo. Ser\u00e1 um evento de conhecimento e descoberta.<\/p>\n<p>Teremos neste evento as presen\u00e7as de:<br \/>\n&#8211; Padre Rafael Solano.<br \/>\nSacerdote da arquidiocese de Londrina (PR). Mestre e doutor em Teologia Moral pela Pontif\u00edcia<br \/>\nUniversidade Gregoriana de Roma e p\u00f3s-doutorado em Teologia Moral e Familiar pelo Pontif\u00edcio<br \/>\nInstituto Jo\u00e3o Paulo II de Roma, Universidade Lateranense de Roma. Atua como consultor da CNBB<br \/>\nsetor vida e fam\u00edlia e como professor de Teologia Moral e Bio\u00e9tica na PUC (PR), Campus Londrina.<br \/>\nAutor de livros publicados pela Editora Can\u00e7\u00e3o Nova.<\/p>\n<p>&#8211; Irm\u00e3 Z\u00e9lia Garcia<br \/>\nEla\u00e9 natural da cidade de S\u00e3o Pedro do Iva\u00ed\/PR, nascida em 25 de abril de 1967, com mais de 23 anos<br \/>\nvoltados para a vida religiosa. Assim, Irm\u00e3 Z\u00e9lia realiza sua miss\u00e3o de levar a Palavra de Deus por<br \/>\nmeio da internet ou em retiros, que prega em diversas partes do Brasil e do mundo.<\/p>\n<p>Como participar?<br \/>\nJ\u00e1 est\u00e1 disponivel o link de inscri\u00e7\u00e3o<\/p>\n<p>Clique aqui:\u00a0https:\/\/app.ciaticket.com.br\/e\/CATHOCONF23<\/p>\n<p>O primeiro lote est\u00e1 liberado!<br \/>\nE vai at\u00e9 o dia 31\/05.<br \/>\nS\u00e3o vagas limitadas.<br \/>\nMais informa\u00e7\u00f5es: 12 3923-1228<\/p>\n","protected":false},"excerpt":{"rendered":"<p>Catholic Single Conference Dias: 10 e 11 de Junho Local: Casa de Evangeliza\u00e7\u00e3o da Can\u00e7\u00e3o Nova em S\u00e3o Jos\u00e9 dos Campos. Com o tema: O solteiro e sua singularidade, o evento tem como proposta promover o conhecimento deste tempo, como&#8230;<\/p>\n","protected":false},"author":4753,"featured_media":20982,"comment_status":"open","ping_status":"open","sticky":false,"template":"","format":"standard","meta":{"_mi_skip_tracking":false,"_monsterinsights_sitenote_active":false,"_monsterinsights_sitenote_note":"","_monsterinsights_sitenote_category":0,"footnotes":""},"categories":[4],"tags":[],"_links":{"self":[{"href":"https:\/\/blog.cancaonova.com\/saojosedoscampos\/wp-json\/wp\/v2\/posts\/20981"}],"collection":[{"href":"https:\/\/blog.cancaonova.com\/saojosedoscampos\/wp-json\/wp\/v2\/posts"}],"about":[{"href":"https:\/\/blog.cancaonova.com\/saojosedoscampos\/wp-json\/wp\/v2\/types\/post"}],"author":[{"embeddable":true,"href":"https:\/\/blog.cancaonova.com\/saojosedoscampos\/wp-json\/wp\/v2\/users\/4753"}],"replies":[{"embeddable":true,"href":"https:\/\/blog.cancaonova.com\/saojosedoscampos\/wp-json\/wp\/v2\/comments?post=20981"}],"version-history":[{"count":1,"href":"https:\/\/blog.cancaonova.com\/saojosedoscampos\/wp-json\/wp\/v2\/posts\/20981\/revisions"}],"predecessor-version":[{"id":20983,"href":"https:\/\/blog.cancaonova.com\/saojosedoscampos\/wp-json\/wp\/v2\/posts\/20981\/revisions\/20983"}],"wp:featuredmedia":[{"embeddable":true,"href":"https:\/\/blog.cancaonova.com\/saojosedoscampos\/wp-json\/wp\/v2\/media\/20982"}],"wp:attachment":[{"href":"https:\/\/blog.cancaonova.com\/saojosedoscampos\/wp-json\/wp\/v2\/media?parent=20981"}],"wp:term":[{"taxonomy":"category","embeddable":true,"href":"https:\/\/blog.cancaonova.com\/saojosedoscampos\/wp-json\/wp\/v2\/categories?post=20981"},{"taxonomy":"post_tag","embeddable":true,"href":"https:\/\/blog.cancaonova.com\/saojosedoscampos\/wp-json\/wp\/v2\/tags?post=20981"}],"curies":[{"name":"wp","href":"https:\/\/api.w.org\/{rel}","templated":true}]}}