{"id":21240,"date":"2026-04-27T16:04:07","date_gmt":"2026-04-27T19:04:07","guid":{"rendered":"https:\/\/blog.cancaonova.com\/saojosedoscampos\/?p=21240"},"modified":"2026-04-27T16:27:29","modified_gmt":"2026-04-27T19:27:29","slug":"21240","status":"publish","type":"post","link":"https:\/\/blog.cancaonova.com\/saojosedoscampos\/sem-categoria\/21240\/","title":{"rendered":"5\u00aa edi\u00e7\u00e3o da \u201cNoite Diante do Rei\u201d"},"content":{"rendered":"<p data-start=\"67\" data-end=\"99\">\u2728 <strong data-start=\"69\" data-end=\"95\">Prepare o seu cora\u00e7\u00e3o!<\/strong> \u2728<\/p>\n<p data-start=\"101\" data-end=\"186\">No dia <strong data-start=\"108\" data-end=\"127\">16\/05, \u00e0s 19h30<\/strong>, acontece a <strong data-start=\"140\" data-end=\"178\">5\u00aa edi\u00e7\u00e3o da \u201cNoite Diante do Rei\u201d<\/strong>! \ud83d\ude4f\ud83d\udc51<\/p>\n<p data-start=\"188\" data-end=\"349\">Ser\u00e1 uma noite especial de <strong data-start=\"215\" data-end=\"263\">adora\u00e7\u00e3o, gra\u00e7a e encontro profundo com Deus<\/strong>, com a presen\u00e7a do <strong data-start=\"283\" data-end=\"299\">Padre Chic\u00e3o<\/strong> e do <strong data-start=\"305\" data-end=\"341\">Minist\u00e9rio de M\u00fasica Can\u00e7\u00e3o Nova<\/strong>. \ud83c\udfb6\ud83d\udc9b<\/p>\n<p data-start=\"351\" data-end=\"406\">Permita-se viver esse momento \u00fanico diante do Senhor!<\/p>\n<p data-start=\"408\" data-end=\"516\">\ud83d\udccd <strong data-start=\"411\" data-end=\"421\">Local:<\/strong> Casa de Evangeliza\u00e7\u00e3o Can\u00e7\u00e3o Nova<br data-start=\"455\" data-end=\"458\" \/>Rua Itoror\u00f3, 186 \u2013 Jardim Paulista \u2013 S\u00e3o Jos\u00e9 dos Campos<\/p>\n<p data-start=\"518\" data-end=\"613\">\ud83d\udcac Convide seus amigos, traga seu grupo de ora\u00e7\u00e3o e venha fazer parte dessa noite inesquec\u00edvel!<\/p>\n","protected":false},"excerpt":{"rendered":"<p>\u2728 Prepare o seu cora\u00e7\u00e3o! \u2728 No dia 16\/05, \u00e0s 19h30, acontece a 5\u00aa edi\u00e7\u00e3o da \u201cNoite Diante do Rei\u201d! \ud83d\ude4f\ud83d\udc51 Ser\u00e1 uma noite especial de adora\u00e7\u00e3o, gra\u00e7a e encontro profundo com Deus, com a presen\u00e7a do Padre Chic\u00e3o e&#8230;<\/p>\n","protected":false},"author":4745,"featured_media":21241,"comment_status":"closed","ping_status":"closed","sticky":false,"template":"","format":"standard","meta":{"_mi_skip_tracking":false,"_monsterinsights_sitenote_active":false,"_monsterinsights_sitenote_note":"","_monsterinsights_sitenote_category":0,"footnotes":""},"categories":[4],"tags":[],"_links":{"self":[{"href":"https:\/\/blog.cancaonova.com\/saojosedoscampos\/wp-json\/wp\/v2\/posts\/21240"}],"collection":[{"href":"https:\/\/blog.cancaonova.com\/saojosedoscampos\/wp-json\/wp\/v2\/posts"}],"about":[{"href":"https:\/\/blog.cancaonova.com\/saojosedoscampos\/wp-json\/wp\/v2\/types\/post"}],"author":[{"embeddable":true,"href":"https:\/\/blog.cancaonova.com\/saojosedoscampos\/wp-json\/wp\/v2\/users\/4745"}],"replies":[{"embeddable":true,"href":"https:\/\/blog.cancaonova.com\/saojosedoscampos\/wp-json\/wp\/v2\/comments?post=21240"}],"version-history":[{"count":0,"href":"https:\/\/blog.cancaonova.com\/saojosedoscampos\/wp-json\/wp\/v2\/posts\/21240\/revisions"}],"wp:featuredmedia":[{"embeddable":true,"href":"https:\/\/blog.cancaonova.com\/saojosedoscampos\/wp-json\/wp\/v2\/media\/21241"}],"wp:attachment":[{"href":"https:\/\/blog.cancaonova.com\/saojosedoscampos\/wp-json\/wp\/v2\/media?parent=21240"}],"wp:term":[{"taxonomy":"category","embeddable":true,"href":"https:\/\/blog.cancaonova.com\/saojosedoscampos\/wp-json\/wp\/v2\/categories?post=21240"},{"taxonomy":"post_tag","embeddable":true,"href":"https:\/\/blog.cancaonova.com\/saojosedoscampos\/wp-json\/wp\/v2\/tags?post=21240"}],"curies":[{"name":"wp","href":"https:\/\/api.w.org\/{rel}","templated":true}]}}