{"id":21243,"date":"2026-04-27T16:31:42","date_gmt":"2026-04-27T19:31:42","guid":{"rendered":"https:\/\/blog.cancaonova.com\/saojosedoscampos\/?p=21243"},"modified":"2026-04-27T16:31:42","modified_gmt":"2026-04-27T19:31:42","slug":"santa-missa-de-consagracao-e-renovacao","status":"publish","type":"post","link":"https:\/\/blog.cancaonova.com\/saojosedoscampos\/formacao\/santa-missa-de-consagracao-e-renovacao\/","title":{"rendered":"Santa Missa de Consagra\u00e7\u00e3o e Renova\u00e7\u00e3o"},"content":{"rendered":"<p data-start=\"76\" data-end=\"125\">\u2728 <strong data-start=\"78\" data-end=\"121\">Um convite especial para o seu cora\u00e7\u00e3o!<\/strong> \u2728<\/p>\n<p data-start=\"127\" data-end=\"310\">No dia <strong data-start=\"134\" data-end=\"148\">13 de maio<\/strong>, celebramos <strong data-start=\"161\" data-end=\"188\">Nossa Senhora de F\u00e1tima<\/strong>, e queremos convidar voc\u00ea a viver esse momento \u00fanico, renovando a sua <strong data-start=\"259\" data-end=\"302\">Consagra\u00e7\u00e3o \u00e0 Virgem Maria e a S\u00e3o Jos\u00e9<\/strong>. \ud83d\udc99\ud83e\udd0d<\/p>\n<p data-start=\"312\" data-end=\"382\">\ud83d\ude4f <strong data-start=\"315\" data-end=\"357\">Santa Missa de Renova\u00e7\u00e3o e Consagra\u00e7\u00e3o<\/strong><br data-start=\"357\" data-end=\"360\" \/>\ud83d\udcc5 13\/05<br data-start=\"368\" data-end=\"371\" \/>\ud83d\udd56 \u00c0s 19h<\/p>\n<p data-start=\"384\" data-end=\"645\">Como nos recorda <span class=\"hover:entity-accent entity-underline inline cursor-pointer align-baseline\"><span class=\"whitespace-normal\">Padre Donald Calloway<\/span><\/span>:<br data-start=\"439\" data-end=\"442\" \/>\ud83d\udcac <em data-start=\"445\" data-end=\"643\">\u201cA consagra\u00e7\u00e3o total a Maria n\u00e3o diminui a consagra\u00e7\u00e3o a S\u00e3o Jos\u00e9. Tudo o que voc\u00ea entregou a Jesus e a Maria tamb\u00e9m pode ser confiado a Jos\u00e9. Fique tranquilo: os cora\u00e7\u00f5es de Maria e Jos\u00e9 s\u00e3o um.\u201d<\/em><\/p>\n<p data-start=\"647\" data-end=\"806\">\u2728 Na ocasi\u00e3o, teremos tamb\u00e9m dois grupos realizando sua consagra\u00e7\u00e3o a Nossa Senhora e a S\u00e3o Jos\u00e9, tornando este momento ainda mais especial e cheio de gra\u00e7a.<\/p>\n<p data-start=\"808\" data-end=\"880\" data-is-last-node=\"\" data-is-only-node=\"\">\ud83d\udc9b <strong data-start=\"811\" data-end=\"880\" data-is-last-node=\"\">Esperamos por voc\u00ea! Venha viver essa experi\u00eancia de f\u00e9 e entrega!<\/strong><\/p>\n","protected":false},"excerpt":{"rendered":"<p>\u2728 Um convite especial para o seu cora\u00e7\u00e3o! \u2728 No dia 13 de maio, celebramos Nossa Senhora de F\u00e1tima, e queremos convidar voc\u00ea a viver esse momento \u00fanico, renovando a sua Consagra\u00e7\u00e3o \u00e0 Virgem Maria e a S\u00e3o Jos\u00e9. \ud83d\udc99\ud83e\udd0d&#8230;<\/p>\n","protected":false},"author":4745,"featured_media":21244,"comment_status":"closed","ping_status":"closed","sticky":false,"template":"","format":"standard","meta":{"_mi_skip_tracking":false,"_monsterinsights_sitenote_active":false,"_monsterinsights_sitenote_note":"","_monsterinsights_sitenote_category":0,"footnotes":""},"categories":[23],"tags":[24444,15736,11511],"_links":{"self":[{"href":"https:\/\/blog.cancaonova.com\/saojosedoscampos\/wp-json\/wp\/v2\/posts\/21243"}],"collection":[{"href":"https:\/\/blog.cancaonova.com\/saojosedoscampos\/wp-json\/wp\/v2\/posts"}],"about":[{"href":"https:\/\/blog.cancaonova.com\/saojosedoscampos\/wp-json\/wp\/v2\/types\/post"}],"author":[{"embeddable":true,"href":"https:\/\/blog.cancaonova.com\/saojosedoscampos\/wp-json\/wp\/v2\/users\/4745"}],"replies":[{"embeddable":true,"href":"https:\/\/blog.cancaonova.com\/saojosedoscampos\/wp-json\/wp\/v2\/comments?post=21243"}],"version-history":[{"count":0,"href":"https:\/\/blog.cancaonova.com\/saojosedoscampos\/wp-json\/wp\/v2\/posts\/21243\/revisions"}],"wp:featuredmedia":[{"embeddable":true,"href":"https:\/\/blog.cancaonova.com\/saojosedoscampos\/wp-json\/wp\/v2\/media\/21244"}],"wp:attachment":[{"href":"https:\/\/blog.cancaonova.com\/saojosedoscampos\/wp-json\/wp\/v2\/media?parent=21243"}],"wp:term":[{"taxonomy":"category","embeddable":true,"href":"https:\/\/blog.cancaonova.com\/saojosedoscampos\/wp-json\/wp\/v2\/categories?post=21243"},{"taxonomy":"post_tag","embeddable":true,"href":"https:\/\/blog.cancaonova.com\/saojosedoscampos\/wp-json\/wp\/v2\/tags?post=21243"}],"curies":[{"name":"wp","href":"https:\/\/api.w.org\/{rel}","templated":true}]}}