{"id":21327,"date":"2026-09-03T10:45:30","date_gmt":"2026-09-03T13:45:30","guid":{"rendered":"https:\/\/blog.cancaonova.com\/saojosedoscampos\/?p=21327"},"modified":"2026-09-03T10:47:22","modified_gmt":"2026-09-03T13:47:22","slug":"cerco-de-jerico-dos-arcanjos-2026","status":"publish","type":"post","link":"https:\/\/blog.cancaonova.com\/saojosedoscampos\/sem-categoria\/cerco-de-jerico-dos-arcanjos-2026\/","title":{"rendered":"\ud83d\udd25 CERCO DE JERIC\u00d3 DOS ARCANJOS \ud83d\udd25"},"content":{"rendered":"<p>De 23 a 29 de setembro, a Can\u00e7\u00e3o Nova de S\u00e3o Jos\u00e9 dos Campos promover\u00e1 uma semana intensa de ora\u00e7\u00e3o, clamor e f\u00e9: o Cerco de Jeric\u00f3 dos Arcanjos! \ud83d\ude4f\u2694\ufe0f<\/p>\n<p>\u2728 \u201cPrepare-se para a batalha: o c\u00e9u j\u00e1 decretou a vit\u00f3ria!\u201d \u2728<\/p>\n<p>Ser\u00e3o 7 noites de clamor, suplicando a intercess\u00e3o dos Santos Arcanjos e colocando diante de Deus todas as nossas inten\u00e7\u00f5es.<\/p>\n<p>Em cada noite, teremos Santa Missa e Adora\u00e7\u00e3o ao Sant\u00edssimo Sacramento, vivendo juntos um verdadeiro tempo de gra\u00e7a e combate espiritual. \u2764\ufe0f\u200d\ud83d\udd25<img loading=\"lazy\" decoding=\"async\" class=\"aligncenter size-large wp-image-21328\" src=\"https:\/\/blog.cancaonova.com\/saojosedoscampos\/files\/2026\/09\/TV-interne-600x300.jpg\" alt=\"Cerdo de Jeric\u00f3 dos Arcanjos\" width=\"600\" height=\"300\" srcset=\"https:\/\/blog.cancaonova.com\/saojosedoscampos\/files\/2026\/09\/TV-interne-600x300.jpg 600w, https:\/\/blog.cancaonova.com\/saojosedoscampos\/files\/2026\/09\/TV-interne-300x150.jpg 300w, https:\/\/blog.cancaonova.com\/saojosedoscampos\/files\/2026\/09\/TV-interne-150x75.jpg 150w\" sizes=\"(max-width: 600px) 100vw, 600px\" \/><br \/>\n\ud83d\ude4c Presen\u00e7as confirmadas:<br \/>\nPe. Diogo Albuquerque, Pe. Edison Oliveira, Pe. Ricardo Rodolfo, Pe. Alex, Pe. Wagner Ferreira, Pe. Ren\u00ea Viana, Pe. M\u00e1rcio Leandro e Pe. Edimilson Lopez.<\/p>\n<p>\ud83d\udcc5 23 a 29 de setembro \u00e0s 19h30<br \/>\n\ud83d\udccd Can\u00e7\u00e3o Nova \u2013 S\u00e3o Jos\u00e9 dos Campos<\/p>\n<p>Prepare seu cora\u00e7\u00e3o, re\u00fana sua fam\u00edlia e venha viver conosco esses 7 dias de ora\u00e7\u00e3o e clamor!<\/p>\n<p>\u2694\ufe0f Com os Arcanjos, vamos para a batalha!<br \/>\n\ud83d\udd25 E com Deus, veremos as muralhas cair!<\/p>\n<p>Esperamos por voc\u00ea!<\/p>\n","protected":false},"excerpt":{"rendered":"<p>De 23 a 29 de setembro, a Can\u00e7\u00e3o Nova de S\u00e3o Jos\u00e9 dos Campos promover\u00e1 uma semana intensa de ora\u00e7\u00e3o, clamor e f\u00e9: o Cerco de Jeric\u00f3 dos Arcanjos! \ud83d\ude4f\u2694\ufe0f \u2728 \u201cPrepare-se para a batalha: o c\u00e9u j\u00e1 decretou a&#8230;<\/p>\n","protected":false},"author":4745,"featured_media":21328,"comment_status":"closed","ping_status":"closed","sticky":false,"template":"","format":"standard","meta":{"_mi_skip_tracking":false,"_monsterinsights_sitenote_active":false,"_monsterinsights_sitenote_note":"","_monsterinsights_sitenote_category":0,"footnotes":""},"categories":[4],"tags":[8331,21002,15742],"_links":{"self":[{"href":"https:\/\/blog.cancaonova.com\/saojosedoscampos\/wp-json\/wp\/v2\/posts\/21327"}],"collection":[{"href":"https:\/\/blog.cancaonova.com\/saojosedoscampos\/wp-json\/wp\/v2\/posts"}],"about":[{"href":"https:\/\/blog.cancaonova.com\/saojosedoscampos\/wp-json\/wp\/v2\/types\/post"}],"author":[{"embeddable":true,"href":"https:\/\/blog.cancaonova.com\/saojosedoscampos\/wp-json\/wp\/v2\/users\/4745"}],"replies":[{"embeddable":true,"href":"https:\/\/blog.cancaonova.com\/saojosedoscampos\/wp-json\/wp\/v2\/comments?post=21327"}],"version-history":[{"count":1,"href":"https:\/\/blog.cancaonova.com\/saojosedoscampos\/wp-json\/wp\/v2\/posts\/21327\/revisions"}],"predecessor-version":[{"id":21329,"href":"https:\/\/blog.cancaonova.com\/saojosedoscampos\/wp-json\/wp\/v2\/posts\/21327\/revisions\/21329"}],"wp:featuredmedia":[{"embeddable":true,"href":"https:\/\/blog.cancaonova.com\/saojosedoscampos\/wp-json\/wp\/v2\/media\/21328"}],"wp:attachment":[{"href":"https:\/\/blog.cancaonova.com\/saojosedoscampos\/wp-json\/wp\/v2\/media?parent=21327"}],"wp:term":[{"taxonomy":"category","embeddable":true,"href":"https:\/\/blog.cancaonova.com\/saojosedoscampos\/wp-json\/wp\/v2\/categories?post=21327"},{"taxonomy":"post_tag","embeddable":true,"href":"https:\/\/blog.cancaonova.com\/saojosedoscampos\/wp-json\/wp\/v2\/tags?post=21327"}],"curies":[{"name":"wp","href":"https:\/\/api.w.org\/{rel}","templated":true}]}}