{"id":4312,"date":"2009-03-22T00:00:10","date_gmt":"2009-03-22T02:00:10","guid":{"rendered":"http:\/\/blog.cancaonova.com\/saojosedoscampos\/?p=4312"},"modified":"2009-03-22T01:11:05","modified_gmt":"2009-03-22T03:11:05","slug":"liturgia-do-domingo-2203-dom-moacir-silva","status":"publish","type":"post","link":"https:\/\/blog.cancaonova.com\/saojosedoscampos\/espiritualidade\/liturgia-do-domingo-2203-dom-moacir-silva\/","title":{"rendered":"Liturgia do Domingo, 22\/03 - Dom Moacir Silva"},"content":{"rendered":"<p class=\"wp-caption-dd\" style=\"text-align: center\"><a href=\"http:\/\/blog.cancaonova.com\/saojosedoscampos\/files\/2009\/03\/dom-moacir-silva.jpg\"><img loading=\"lazy\" decoding=\"async\" class=\"size-medium wp-image-4313  aligncenter\" style=\"border: black 2px solid\" src=\"http:\/\/blog.cancaonova.com\/saojosedoscampos\/files\/2009\/03\/dom-moacir-silva.jpg\" alt=\"\" width=\"167\" height=\"208\" \/><\/a><\/p>\n<p class=\"wp-caption-dd\" style=\"text-align: left\">Ou\u00e7a a Reflex\u00e3o da Liturgia do Domingo , \u201d <strong>O Dia do Senhor<\/strong> \u201d ,\u00a0\u00a022 de mar\u00e7o, com Dom Moacir Silva &#8211; Bispo Diocesano de S\u00e2o Jos\u00e9 dos Campos.<\/p>\n<p>Clique para ouvir:<\/p>\n[audio:http:\/\/www.podcast1.com.br\/canais\/canal3335\/PGM_O_dia_do_Senhor_-_Dom_Moacir_Silva_-_22-03-09..mp3]\n<p>Deixe seu coment\u00e1rio<\/p>\n","protected":false},"excerpt":{"rendered":"<p>Ou\u00e7a a Reflex\u00e3o da Liturgia do Domingo , \u201d O Dia do Senhor \u201d ,\u00a0\u00a022 de mar\u00e7o, com Dom Moacir Silva &#8211; Bispo Diocesano de S\u00e2o Jos\u00e9 dos Campos. Clique para ouvir: [audio:http:\/\/www.podcast1.com.br\/canais\/canal3335\/PGM_O_dia_do_Senhor_-_Dom_Moacir_Silva_-_22-03-09..mp3] Deixe seu coment\u00e1rio<\/p>\n","protected":false},"author":2611,"featured_media":0,"comment_status":"open","ping_status":"open","sticky":false,"template":"","format":"standard","meta":{"_mi_skip_tracking":false,"_monsterinsights_sitenote_active":false,"_monsterinsights_sitenote_note":"","_monsterinsights_sitenote_category":0,"footnotes":""},"categories":[67],"tags":[16231,16981,48,311],"_links":{"self":[{"href":"https:\/\/blog.cancaonova.com\/saojosedoscampos\/wp-json\/wp\/v2\/posts\/4312"}],"collection":[{"href":"https:\/\/blog.cancaonova.com\/saojosedoscampos\/wp-json\/wp\/v2\/posts"}],"about":[{"href":"https:\/\/blog.cancaonova.com\/saojosedoscampos\/wp-json\/wp\/v2\/types\/post"}],"author":[{"embeddable":true,"href":"https:\/\/blog.cancaonova.com\/saojosedoscampos\/wp-json\/wp\/v2\/users\/2611"}],"replies":[{"embeddable":true,"href":"https:\/\/blog.cancaonova.com\/saojosedoscampos\/wp-json\/wp\/v2\/comments?post=4312"}],"version-history":[{"count":8,"href":"https:\/\/blog.cancaonova.com\/saojosedoscampos\/wp-json\/wp\/v2\/posts\/4312\/revisions"}],"predecessor-version":[{"id":4317,"href":"https:\/\/blog.cancaonova.com\/saojosedoscampos\/wp-json\/wp\/v2\/posts\/4312\/revisions\/4317"}],"wp:attachment":[{"href":"https:\/\/blog.cancaonova.com\/saojosedoscampos\/wp-json\/wp\/v2\/media?parent=4312"}],"wp:term":[{"taxonomy":"category","embeddable":true,"href":"https:\/\/blog.cancaonova.com\/saojosedoscampos\/wp-json\/wp\/v2\/categories?post=4312"},{"taxonomy":"post_tag","embeddable":true,"href":"https:\/\/blog.cancaonova.com\/saojosedoscampos\/wp-json\/wp\/v2\/tags?post=4312"}],"curies":[{"name":"wp","href":"https:\/\/api.w.org\/{rel}","templated":true}]}}