{"id":4796,"date":"2010-03-29T00:01:16","date_gmt":"2010-03-29T03:01:16","guid":{"rendered":"http:\/\/blog.cancaonova.com\/saojosedoscampos\/?p=4796"},"modified":"2011-04-27T10:11:35","modified_gmt":"2011-04-27T13:11:35","slug":"feliz-pascoa","status":"publish","type":"post","link":"https:\/\/blog.cancaonova.com\/saojosedoscampos\/espiritualidade\/feliz-pascoa\/","title":{"rendered":"Jesus Cristo Ressuscitou. Feliz P\u00e1scoa!"},"content":{"rendered":"<p style=\"text-align: center\"><a href=\"http:\/\/blog.cancaonova.com\/saojosedoscampos\/files\/2009\/04\/feliz-pascoa.jpg\"><\/a><\/p>\n<p style=\"text-align: center\"><a href=\"http:\/\/blog.cancaonova.com\/saojosedoscampos\/files\/2009\/04\/feliz-pascoa.jpg\"><img loading=\"lazy\" decoding=\"async\" class=\"size-medium wp-image-4798      aligncenter\" style=\"border: black 2px solid\" src=\"http:\/\/blog.cancaonova.com\/saojosedoscampos\/files\/2009\/04\/feliz-pascoa-300x180.jpg\" alt=\"\" width=\"316\" height=\"195\" \/><\/a><\/p>\n<p style=\"text-align: center\"><span style=\"font-size: small\">P\u00e1scoa! \u00c9 sempre o Novo acontecendo! Acontecendo em sua casa&#8230;<\/span><\/p>\n<p class=\"western\">Celebremos a P\u00e1scoa em fam\u00edlia! Entremos no cora\u00e7\u00e3o dos primeiros amigos de Jesus e tenhamos atitudes semelhantes \u00e0s deles. N\u00e3o d\u00e1 para celebrarmos t\u00e3o grande mist\u00e9rio e sair das celebra\u00e7\u00f5es como se nada tivesse acontecido. A Liturgia da Igreja atualizar\u00e1 em nossos cora\u00e7\u00f5es a for\u00e7a do Ressuscitado.<\/p>\n<p class=\"western\">Fico a imaginar os primeiros disc\u00edpulos de Jesus, as pessoas que passaram por momentos t\u00e3o profundos com Ele: Pedro, Jo\u00e3o, Zaqueu, Madalena, cegos, surdos, mudos, paral\u00edticos&#8230; Depois de experi\u00eancias t\u00e3o fortes, viram-no crucificado entre os condenados da \u00e9poca. No entanto, uma not\u00edcia nova correu de boca em boca&#8230; Ele n\u00e3o est\u00e1 mais no sepulcro, ressuscitou! D\u00e1 para imaginar o que se passou em cada cora\u00e7\u00e3o? Todos aqueles que vivenciaram o olhar de amor e de cura do Mestre t\u00eam uma certeza em seus cora\u00e7\u00f5es: Ele vive! Agora tudo se torna mais claro e evidente, as pe\u00e7as se encaixam, os mosaicos da vida de todos eles se completam. Cristo passou para a outra margem, onde nos espera, mas ao mesmo tempo est\u00e1 vivo entre n\u00f3s! Pedro se recorda que \u00e9 pedra de sustenta\u00e7\u00e3o de um grande edif\u00edcio espiritual e se dedica incansavelmente \u00e0 miss\u00e3o, oportuna e importunamente, anuncia seu Senhor! Jo\u00e3o se lembra do pulsar do cora\u00e7\u00e3o do seu Amigo e procura colocar o seu cora\u00e7\u00e3o no ritmo\u00a0do Dele! &#8220;Filhinhos, n\u00e3o amemos s\u00f3 com\u00a0palavras e de boca, mas com a\u00e7\u00f5es e de verdade&#8221; (1Jo 3,18),\u00a0foi o que insistentemente ouviu e mais insistentemente ainda recorda \u00e0 Igreja! Zaqueu, por sua vez, segue adiante. Depois de ter subido o mais alto que p\u00f4de para se deixar ver por Jesus, agora o tem para sempre no interior de sua casa, onde a salva\u00e7\u00e3o chegou! Madalena \u00e9, agora, simplesmente Maria, uma nova mulher. Proclama como, Ap\u00f3stola dos Ap\u00f3stolos, a not\u00edcia da ressurrei\u00e7\u00e3o do verdadeiro Amor! Para ela, as trevas s\u00e3o como o dia, pois toda a noite da hist\u00f3ria se passou! Uma luz mais forte brilha para os que n\u00e3o enxergavam, uma Palavra nova toma conta dos ouvidos dos surdos e da boca dos mudos, o Caminho se plenifica para os paral\u00edticos! \u00c9 Ressurrei\u00e7\u00e3o! \u00c9 a P\u00e1scoa do Senhor! N\u00f3s tamb\u00e9m, disc\u00edpulos-mission\u00e1rios de hoje, nos deixamos tocar por essa alegre not\u00edcia. Aquele que nos tocou profundamente desde o nosso batismo, escolheu como casa, pela a\u00e7\u00e3o do Seu Esp\u00edrito, o cora\u00e7\u00e3o de todos n\u00f3s! Com Pedro e os demais, queremos anunci\u00e1-Lo, glorific\u00e1-Lo, ador\u00e1-Lo, por nossas a\u00e7\u00f5es e preces, por nossa vida e hist\u00f3ria! Feliz momento novo para voc\u00ea e para sua casa! Que o Ressuscitado esteja no seu cora\u00e7\u00e3o de esposo, de esposa, de pai, de m\u00e3e, de filho, de filha, de irm\u00e3o e de irm\u00e3! Seja P\u00e1scoa no seu lar!<\/p>\n<p class=\"MsoNormal\" style=\"margin: 0cm 0cm 0pt;text-align: left\"><span><a href=\"http:\/\/blog.cancaonova.com\/saojosedoscampos\/files\/2009\/07\/perinaldo4.jpg\"><img loading=\"lazy\" decoding=\"async\" class=\"alignleft size-medium wp-image-7156\" src=\"http:\/\/blog.cancaonova.com\/saojosedoscampos\/files\/2009\/07\/perinaldo4.jpg\" alt=\"\" width=\"120\" height=\"150\" \/><\/a><\/span><\/p>\n<p class=\"MsoNormal\" style=\"margin: 0cm 0cm 0pt;text-align: left\"><span>Pe.Rinaldo Roberto de Rezende<\/span><\/p>\n<p class=\"MsoNormal\" style=\"margin: 0cm 0cm 0pt;text-align: left\"><span><a href=\"http:\/\/www.catedralsaodimas.org.br\/\"><span style=\"color: #17397a\">P\u00e1roco da Catedral S\u00e3o Dimas<\/span><\/a><\/span><\/p>\n<p class=\"MsoNormal\" style=\"margin: 0cm 0cm 0pt;text-align: left\"><span>S\u00e3o Jos\u00e9 dos Campos &#8211; SP<\/span><\/p>\n<p class=\"MsoNormal\" style=\"margin: 0cm 0cm 0pt;text-align: left\"><a href=\"http:\/\/podcast.cancaonova.com\/canal.php?id=146\" target=\"_blank\"><strong>Ou\u00e7a outras Reflex\u00f5es<\/strong><\/a><\/p>\n<p class=\"western\"><strong> <\/strong><\/p>\n<p class=\"western\"><strong> <\/strong><\/p>\n<p class=\"western\"><strong>Para quem voc\u00ea quer desejar Feliz P\u00e1scoa ?<\/strong><\/p>\n<p class=\"western\">\n<p class=\"western\"><strong>Entre no coment\u00e1rio e deixe sua mensagem.<\/strong><\/p>\n<p class=\"western\">\n<p class=\"western\">\n<p class=\"western\">\n","protected":false},"excerpt":{"rendered":"<p>P\u00e1scoa! \u00c9 sempre o Novo acontecendo! Acontecendo em sua casa&#8230; Celebremos a P\u00e1scoa em fam\u00edlia! Entremos no cora\u00e7\u00e3o dos primeiros amigos de Jesus e tenhamos atitudes semelhantes \u00e0s deles. N\u00e3o d\u00e1 para celebrarmos t\u00e3o grande mist\u00e9rio e sair das celebra\u00e7\u00f5es&#8230;<\/p>\n","protected":false},"author":2611,"featured_media":0,"comment_status":"open","ping_status":"open","sticky":false,"template":"","format":"standard","meta":{"_mi_skip_tracking":false,"_monsterinsights_sitenote_active":false,"_monsterinsights_sitenote_note":"","_monsterinsights_sitenote_category":0,"footnotes":""},"categories":[67],"tags":[17058,221,17234,11721],"_links":{"self":[{"href":"https:\/\/blog.cancaonova.com\/saojosedoscampos\/wp-json\/wp\/v2\/posts\/4796"}],"collection":[{"href":"https:\/\/blog.cancaonova.com\/saojosedoscampos\/wp-json\/wp\/v2\/posts"}],"about":[{"href":"https:\/\/blog.cancaonova.com\/saojosedoscampos\/wp-json\/wp\/v2\/types\/post"}],"author":[{"embeddable":true,"href":"https:\/\/blog.cancaonova.com\/saojosedoscampos\/wp-json\/wp\/v2\/users\/2611"}],"replies":[{"embeddable":true,"href":"https:\/\/blog.cancaonova.com\/saojosedoscampos\/wp-json\/wp\/v2\/comments?post=4796"}],"version-history":[{"count":25,"href":"https:\/\/blog.cancaonova.com\/saojosedoscampos\/wp-json\/wp\/v2\/posts\/4796\/revisions"}],"predecessor-version":[{"id":4809,"href":"https:\/\/blog.cancaonova.com\/saojosedoscampos\/wp-json\/wp\/v2\/posts\/4796\/revisions\/4809"}],"wp:attachment":[{"href":"https:\/\/blog.cancaonova.com\/saojosedoscampos\/wp-json\/wp\/v2\/media?parent=4796"}],"wp:term":[{"taxonomy":"category","embeddable":true,"href":"https:\/\/blog.cancaonova.com\/saojosedoscampos\/wp-json\/wp\/v2\/categories?post=4796"},{"taxonomy":"post_tag","embeddable":true,"href":"https:\/\/blog.cancaonova.com\/saojosedoscampos\/wp-json\/wp\/v2\/tags?post=4796"}],"curies":[{"name":"wp","href":"https:\/\/api.w.org\/{rel}","templated":true}]}}