{"id":9087,"date":"2009-11-06T12:41:05","date_gmt":"2009-11-06T15:41:05","guid":{"rendered":"http:\/\/blog.cancaonova.com\/saojosedoscampos\/?p=9087"},"modified":"2009-11-06T12:41:05","modified_gmt":"2009-11-06T15:41:05","slug":"dom-moacir-realiza-visita-ad-limina","status":"publish","type":"post","link":"https:\/\/blog.cancaonova.com\/saojosedoscampos\/diocese-de-s-jose-dos-campos\/dom-moacir-realiza-visita-ad-limina\/","title":{"rendered":"Dom Moacir realiza visita Ad Limina"},"content":{"rendered":"<p class=\"western\" style=\"text-align: center;\"><a href=\"http:\/\/blog.cancaonova.com\/saojosedoscampos\/files\/2009\/11\/n_g_dmoacir_papa1.jpg\"><img loading=\"lazy\" decoding=\"async\" class=\"aligncenter size-full wp-image-9088\" style=\"border: 3px solid black;\" title=\"n_g_dmoacir_papa1\" src=\"http:\/\/blog.cancaonova.com\/saojosedoscampos\/files\/2009\/11\/n_g_dmoacir_papa1.jpg\" alt=\"\" width=\"227\" height=\"181\" \/><\/a><\/p>\n<p class=\"western\"><em><span style=\"font-style: normal;\"><span style=\"background: #f8fcff none repeat scroll 0% 0%;\">De 5 a 26 de novembro, o bispo diocesano de S\u00e3o Jos\u00e9 dos Campos, Dom Moacir Silva, participa de sua primeira visita Ad Limina.\u00a0Em Roma, Dom Moacir ir\u00e1 visitar os t\u00famulos dos ap\u00f3stolos S\u00e3o Pedro e S\u00e3o Paulo e se encontrar com o Papa Bento XVI. O episcopado brasileiro come\u00e7ou o per\u00edodo da visita Ad Limina, no in\u00edcio de setembro de 2009, que se estender\u00e1 ao segundo semestre de 2010. O Regional Sul 1 da CNBB, que compreende 41 Arqui\/Dioceses localizadas no Estado de S\u00e3o Paulo, vai realizar sua a Visita entre 5 e 26 de novembro, com a participa\u00e7\u00e3o de todos os arcebispos e bispos diocesanos.<\/span><\/span><\/em><\/p>\n<p class=\"western\"><strong><span style=\"background: #f8fcff none repeat scroll 0% 0%;\">O QUE \u00c9 A VISITA AD LIMINA?<\/span><\/strong><\/p>\n<p class=\"western\">No pr\u00f3prio Direito Can\u00f4nico que a prescreve s\u00e3o claramente indicados os dois fins essenciais de tal visita: Venerar os sepulcro dos Santos Ap\u00f3stolos Pedro e Paulo; encontrar-se com o Sucessor de Pedro, o Bispo de Roma (C\u00e2non 400).<\/p>\n<p class=\"western\">Segundo o Diret\u00f3rio para a visita Ad Limina \u201ca visita \u2018ad limina Apostolorum\u2019 por parte de todos os Bispos que presidem na caridade e no servi\u00e7o \u00e0s Igrejas particulares em todo o mundo, em comunh\u00e3o com a S\u00e9 Apost\u00f3lica tem um significado preciso ou seja o revigoramento da pr\u00f3pria responsabilidade de sucessores dos Ap\u00f3stolos e da comunh\u00e3o hier\u00e1rquica com o Sucessor de Pedro, e a refer\u00eancia na visita a Roma, ao t\u00famulo dos Santos Pedro e Paulo, pastores e colunas da Igreja Romana\u201d. A visita Ad Limina representa na realidade um momento central no exerc\u00edcio do minist\u00e9rio pastoral do Santo Padre. Em tal visita o Papa recebe os bispos e trata com estes das quest\u00f5es concernentes ao seu minist\u00e9rio eclesial.<\/p>\n<p class=\"western\">O encontro dos Bispos com pessoas que est\u00e3o \u00e0 frente dos organismos da C\u00faria Romana n\u00e3o tem um car\u00e1ter de \u201cpresta\u00e7\u00e3o de contas\u201d porque, na condi\u00e7\u00e3o de sucessores dos Ap\u00f3stolos, os Bispos exercem o minist\u00e9rio em suas respectivas Dioceses por direito divino. A experi\u00eancia pastoral dos Bispos e a orienta\u00e7\u00e3o dos organismos da Santa S\u00e9 identificam-se em rela\u00e7\u00e3o a conte\u00fados da doutrina de f\u00e9 e moral. \u00c9, particularmente, tocante o encontro pessoal de cada Bispo com o Papa e muito significativa a linguagem da audi\u00eancia coletiva, por expressar a unidade e comunh\u00e3o da Igreja.<\/p>\n<p class=\"western\">Fonte: <a href=\"http:\/\/www.diocese-sjc.org.br\/\" target=\"_blank\">site da diocese &#8211; SJC<\/a><\/p>\n<p class=\"western\">\n","protected":false},"excerpt":{"rendered":"<p>De 5 a 26 de novembro, o bispo diocesano de S\u00e3o Jos\u00e9 dos Campos, Dom Moacir Silva, participa de sua primeira visita Ad Limina.\u00a0Em Roma, Dom Moacir ir\u00e1 visitar os t\u00famulos dos ap\u00f3stolos S\u00e3o Pedro e S\u00e3o Paulo e se&#8230;<\/p>\n","protected":false},"author":2611,"featured_media":0,"comment_status":"open","ping_status":"open","sticky":false,"template":"","format":"standard","meta":{"_mi_skip_tracking":false,"_monsterinsights_sitenote_active":false,"_monsterinsights_sitenote_note":"","_monsterinsights_sitenote_category":0,"footnotes":""},"categories":[228943],"tags":[17292,2231,2241],"_links":{"self":[{"href":"https:\/\/blog.cancaonova.com\/saojosedoscampos\/wp-json\/wp\/v2\/posts\/9087"}],"collection":[{"href":"https:\/\/blog.cancaonova.com\/saojosedoscampos\/wp-json\/wp\/v2\/posts"}],"about":[{"href":"https:\/\/blog.cancaonova.com\/saojosedoscampos\/wp-json\/wp\/v2\/types\/post"}],"author":[{"embeddable":true,"href":"https:\/\/blog.cancaonova.com\/saojosedoscampos\/wp-json\/wp\/v2\/users\/2611"}],"replies":[{"embeddable":true,"href":"https:\/\/blog.cancaonova.com\/saojosedoscampos\/wp-json\/wp\/v2\/comments?post=9087"}],"version-history":[{"count":3,"href":"https:\/\/blog.cancaonova.com\/saojosedoscampos\/wp-json\/wp\/v2\/posts\/9087\/revisions"}],"predecessor-version":[{"id":9091,"href":"https:\/\/blog.cancaonova.com\/saojosedoscampos\/wp-json\/wp\/v2\/posts\/9087\/revisions\/9091"}],"wp:attachment":[{"href":"https:\/\/blog.cancaonova.com\/saojosedoscampos\/wp-json\/wp\/v2\/media?parent=9087"}],"wp:term":[{"taxonomy":"category","embeddable":true,"href":"https:\/\/blog.cancaonova.com\/saojosedoscampos\/wp-json\/wp\/v2\/categories?post=9087"},{"taxonomy":"post_tag","embeddable":true,"href":"https:\/\/blog.cancaonova.com\/saojosedoscampos\/wp-json\/wp\/v2\/tags?post=9087"}],"curies":[{"name":"wp","href":"https:\/\/api.w.org\/{rel}","templated":true}]}}