{"id":9749,"date":"2010-01-11T14:58:30","date_gmt":"2010-01-11T17:58:30","guid":{"rendered":"http:\/\/blog.cancaonova.com\/saojosedoscampos\/?p=9749"},"modified":"2010-02-26T17:05:01","modified_gmt":"2010-02-26T20:05:01","slug":"sos-sao-luis-do-paraitinga","status":"publish","type":"post","link":"https:\/\/blog.cancaonova.com\/saojosedoscampos\/diocese-de-s-jose-dos-campos\/sos-sao-luis-do-paraitinga\/","title":{"rendered":"SOS S\u00e3o Lu\u00eds do Paraitinga"},"content":{"rendered":"<p class=\"western\" style=\"text-align: center;\"><a href=\"http:\/\/blog.cancaonova.com\/saojosedoscampos\/files\/2010\/01\/n_g_caritas.jpg\"><img loading=\"lazy\" decoding=\"async\" class=\"aligncenter size-full wp-image-9750\" style=\"border: 2px solid black;\" title=\"n_g_caritas\" src=\"http:\/\/blog.cancaonova.com\/saojosedoscampos\/files\/2010\/01\/n_g_caritas.jpg\" alt=\"\" width=\"250\" height=\"257\" \/><\/a><\/p>\n<p class=\"western\"><strong><span style=\"font-family: Times New Roman,serif;\"><span style=\"font-size: small;\">C\u00e1ritas de S\u00e3o Jos\u00e9 vai ajudar v\u00edtimas das enchentes<\/span><\/span><\/strong><\/p>\n<p>A C\u00e1ritas Diocesana de S\u00e3o Jos\u00e9 dos Campos est\u00e1 disponibilizando sua conta corrente para que a popula\u00e7\u00e3o fa\u00e7a doa\u00e7\u00f5es e ajude as v\u00edtimas das enchentes que atingiram cidades da regi\u00e3o, em especial S\u00e3o Lu\u00eds do Paraitinga, na virada do ano. <strong><span style=\"font-family: Times New Roman,serif;\"><span style=\"font-size: small;\">As arrecada\u00e7\u00f5es em dinheiro podem ser feitas no banco Santander, ag\u00eancia 0093 \u2013 conta corrente 13.005.623-8, em nome da C\u00e1ritas Diocesana.<\/span><\/span><\/strong><\/p>\n<p>A coleta durar\u00e1 poucos dias devido \u00e0 urg\u00eancia na utiliza\u00e7\u00e3o da verba para o atendimento aos desabrigados. Ao final da campanha, a diretoria da C\u00e1ritas vai se reunir com os organizadores dos mutir\u00f5es de ajuda de cada munic\u00edpio atingido para discutir a\u00e7\u00f5es emergenciais.<\/p>\n<p>\u201cSabemos que no momento a necessidade maior \u00e9 de produtos de limpeza. S\u00e3o essas equipes que v\u00e3o nos dizer quais materiais s\u00e3o mais emergenciais para cada momento para que possamos comprar esses produtos e fazer a doa\u00e7\u00e3o\u201d, disse o secret\u00e1rio geral da C\u00e1ritas Diocesana, Jos\u00e9 Lu\u00eds Nunes.<\/p>\n<p>A Central de Doa\u00e7\u00e3o, um projeto da C\u00e1ritas de S\u00e3o Jos\u00e9 que mant\u00e9m uma campanha permanente de doa\u00e7\u00e3o de materiais usados, j\u00e1 est\u00e1 repassando utens\u00edlios dom\u00e9sticos como colch\u00f5es, camas, roupas, cal\u00e7ados, eletro dom\u00e9sticos para as fam\u00edlias que perderam tudo em suas casas, atingidas pela chuva.<\/p>\n<p>Os interessados em doar materiais usados em bom estado devem ligar no escrit\u00f3rio da Central de Doa\u00e7\u00e3o no telefone (12) 3911-3225.<\/p>\n<p class=\"western\">Fonte: Diocese SJC<\/p>\n","protected":false},"excerpt":{"rendered":"<p>C\u00e1ritas de S\u00e3o Jos\u00e9 vai ajudar v\u00edtimas das enchentes A C\u00e1ritas Diocesana de S\u00e3o Jos\u00e9 dos Campos est\u00e1 disponibilizando sua conta corrente para que a popula\u00e7\u00e3o fa\u00e7a doa\u00e7\u00f5es e ajude as v\u00edtimas das enchentes que atingiram cidades da regi\u00e3o, em&#8230;<\/p>\n","protected":false},"author":2611,"featured_media":0,"comment_status":"open","ping_status":"open","sticky":false,"template":"","format":"standard","meta":{"_mi_skip_tracking":false,"_monsterinsights_sitenote_active":false,"_monsterinsights_sitenote_note":"","_monsterinsights_sitenote_category":0,"footnotes":""},"categories":[228943],"tags":[6721,27859,27860,27858],"_links":{"self":[{"href":"https:\/\/blog.cancaonova.com\/saojosedoscampos\/wp-json\/wp\/v2\/posts\/9749"}],"collection":[{"href":"https:\/\/blog.cancaonova.com\/saojosedoscampos\/wp-json\/wp\/v2\/posts"}],"about":[{"href":"https:\/\/blog.cancaonova.com\/saojosedoscampos\/wp-json\/wp\/v2\/types\/post"}],"author":[{"embeddable":true,"href":"https:\/\/blog.cancaonova.com\/saojosedoscampos\/wp-json\/wp\/v2\/users\/2611"}],"replies":[{"embeddable":true,"href":"https:\/\/blog.cancaonova.com\/saojosedoscampos\/wp-json\/wp\/v2\/comments?post=9749"}],"version-history":[{"count":4,"href":"https:\/\/blog.cancaonova.com\/saojosedoscampos\/wp-json\/wp\/v2\/posts\/9749\/revisions"}],"predecessor-version":[{"id":10286,"href":"https:\/\/blog.cancaonova.com\/saojosedoscampos\/wp-json\/wp\/v2\/posts\/9749\/revisions\/10286"}],"wp:attachment":[{"href":"https:\/\/blog.cancaonova.com\/saojosedoscampos\/wp-json\/wp\/v2\/media?parent=9749"}],"wp:term":[{"taxonomy":"category","embeddable":true,"href":"https:\/\/blog.cancaonova.com\/saojosedoscampos\/wp-json\/wp\/v2\/categories?post=9749"},{"taxonomy":"post_tag","embeddable":true,"href":"https:\/\/blog.cancaonova.com\/saojosedoscampos\/wp-json\/wp\/v2\/tags?post=9749"}],"curies":[{"name":"wp","href":"https:\/\/api.w.org\/{rel}","templated":true}]}}