{"id":9985,"date":"2010-02-08T15:51:18","date_gmt":"2010-02-08T17:51:18","guid":{"rendered":"http:\/\/blog.cancaonova.com\/saojosedoscampos\/?p=9985"},"modified":"2010-02-08T15:51:18","modified_gmt":"2010-02-08T17:51:18","slug":"setimo-dia","status":"publish","type":"post","link":"https:\/\/blog.cancaonova.com\/saojosedoscampos\/espiritualidade\/setimo-dia\/","title":{"rendered":"S\u00e9timo Dia"},"content":{"rendered":"<p class=\"titulo trans\" style=\"text-align: center;\">\u00a0<a href=\"http:\/\/blog.cancaonova.com\/saojosedoscampos\/files\/2010\/02\/cruz.jpg\"><img loading=\"lazy\" decoding=\"async\" class=\"size-full wp-image-9988  aligncenter\" title=\"cruz\" src=\"http:\/\/blog.cancaonova.com\/saojosedoscampos\/files\/2010\/02\/cruz.jpg\" alt=\"\" width=\"300\" height=\"224\" \/><\/a><a onclick=\"javascript:urchinTracker('\/downloads\/image'); \" rel=\"external\" href=\"http:\/\/blog.cancaonova.com\/saojosedoscampos\/wp-admin\/browse.phtml?f=download&amp;id=448086\" target=\"_blank\"><\/a><\/p>\n<div id=\"miolo\" class=\"grid_13\">\n<div class=\"grid_9 alpha\">\n<div class=\"texto\"><em><span style=\"color: #000000;\"><strong>O que conta mesmo \u00e9 o amor. De qualquer modo, s\u00f3 o amor importa. Feliz daquele que pode morrer tendo ao seu lado algu\u00e9m que o ama a lhe fazer massagem. Ah! O amor e seus milagres.<\/strong><\/span><\/em><\/div>\n<p class=\"justificado\">Escrevo um dia depois de participar de uma celebra\u00e7\u00e3o de s\u00e9timo dia de falecimento. Quando crian\u00e7a em Lavras, Minas Gerais, sempre ouvia pela \u00fanica r\u00e1dio da cidade os comunicados de falecimento e os convites para a missa de \u201cs\u00e9timo dia de passamento\u201d. Aprendi na catequese cat\u00f3lica e tamb\u00e9m com o meu povo simples a import\u00e2ncia do s\u00e9timo dia.<\/p>\n<p class=\"justificado\">Biblicamente o sete diz muito. N\u00famero que nos remete \u00e0 completude, inteireza, perfei\u00e7\u00e3o. Afinal, n\u00e3o \u00e9 \u00e0 toa que Deus fez o mundo em seis dias e no s\u00e9timo descansou, n\u00e3o \u00e9 mesmo? S\u00e3o v\u00e1rias as listas de sete. Para lembrar, temos os sete sacramentos, os sete dons do Esp\u00edrito Santo e at\u00e9 mesmo sete pecados capitais.<\/p>\n<p class=\"justificado\">Ainda nas mem\u00f3rias de crian\u00e7a em Lavras ressoa em minha mente a missa em \u201csufr\u00e1gio pela alma\u201d e pela remiss\u00e3o dos pecados do falecido. Hoje sabemos. N\u00e3o precisa necessariamente ser no s\u00e9timo. O importante s\u00e3o nossos rituais de ora\u00e7\u00e3o e referencia \u00e0queles que amamos e sentimos saudades. Celebrar missa de s\u00e9timo dia carrega em seu simbolismo a esperan\u00e7a viva de ressurrei\u00e7\u00e3o e vida eterna.<\/p>\n<p class=\"justificado\">J\u00e1 presidi muitas missas de \u201cs\u00e9timo dia\u201d, mas confesso que a de ontem, foi muito especial. Primeiro, pelo fato de seu Santo \u2013 esse era o nome do amigo, realmente deixa saudades. Segundo, por poder testemunhar uma linda experi\u00eancia de f\u00e9 no cora\u00e7\u00e3o de uma fam\u00edlia e de uma comunidade.<\/p>\n<p class=\"justificado\">Santo Costa Neto faleceu no dia 26 de janeiro \u00e0 00h05, vitimado por um violento c\u00e2ncer que atingiu principalmente o f\u00edgado. Natural da pequena e italian\u00edssima Botuver\u00e1\/SC viveu 53 intensos anos exercitando a arte de relacionar-se. Todos que se aproximavam de Santo, gostavam logo dele. Quantas hist\u00f3rias! Ouso dizer: santo no nome dado pelos pais no batismo, santo no corpo purificado pelo sofrimento do qual nunca reclamou, santo na alma forjada na f\u00e9, nos valores, na fam\u00edlia.<\/p>\n<p class=\"justificado\">Enquanto a missa seguia serena e os gestos sacramentais iam imortalizando aquela mem\u00f3ria, eu mesmo fazia lembran\u00e7a destes sete dias t\u00e3o intensos ao lado da fam\u00edlia de seu Santo. Olhava para seus pais, Nono e Nona e me encantava com o casal de velhinhos ardorosos em sua ora\u00e7\u00e3o pelo filho. Olhava para a filha Elida e me lembrava de seu Santo dizendo do casamento da filha que ele n\u00e3o levar\u00e1 ao altar, mas que aben\u00e7oou no profundo amor de pai que quer o melhor para os que gerou. Olhava, com carinho para o filho Elinton, para muitos, Italiano, e dizia: \u201cseu Santo, falta pouco, mais uns meses e ele ser\u00e1 padre e em todas as missas que ele celebrar voc\u00ea estar\u00e1 l\u00e1, ressuscitado com Cristo. Voc\u00ea o encontrar\u00e1 sempre na Eucaristia. \u00c9 a Eucaristia, o melhor lugar para encontrarmos os que amamos\u201d. Olhava para a Esposa, agora vi\u00fava, D. Dete e agradecia a Deus a for\u00e7a do amor. Recordava-me do que testemunhei no hospital. Seu Santo im\u00f3vel em seu sofrimento. D. Dete ao seu lado constantemente massageando o abd\u00f4men inchado do marido. A cena passaria desapercebida se eu mesmo n\u00e3o tivesse presenciado o seguinte: quando outra pessoa fazia o mesmo gesto, mesmo seu filho Italiano, ele sempre sinalizava a presen\u00e7a de dor. Mas quando a esposa era quem fazia ele silenciosamente vivia aquele momento. Pus-me a pensar, das duas uma: ou o amor de D. Dete por ele era tanto que o amor contagiava as m\u00e3os e por isso impedia a dor e de fato ele estava imunizado a ela, ou o amor de seu Santo era tanto que mesmo sentindo dor, a suportava simplesmente pelo prazer e a alegria de ter por aquele espa\u00e7o de tempo que lhe restava a esposa que amou e escolheu como companheira pela vida \u201cat\u00e9 que a morte os separe\u201d.Bem. N\u00e3o importa. <em><span style=\"color: #666666;\">O que conta mesmo \u00e9 o amor. <span style=\"color: #000000;\"><strong>De qualquer modo, s\u00f3 o amor importa. Feliz daquele que pode morrer tendo ao seu lado algu\u00e9m que o ama a lhe fazer massagem. Ah! O amor e seus milagres.<\/strong><\/span><\/span><\/em><\/p>\n<p class=\"justificado\">Olhava para aquele povo e ia recompondo ao longo da semana todos os dias de ter\u00e7o rezados com a fam\u00edlia. Todos os dias, no mesmo hor\u00e1rio at\u00e9 a missa de s\u00e9timo dia estavam l\u00e1 na casa do seu Santo, familiares e amigos, junto da fam\u00edlia em sua saudade.<\/p>\n<p class=\"justificado\">Feliz daquele que quando morre tem amigos e se encontra cercado de relacionamentos significativos. <strong>Perguntei-me: \u201cPadre, se voc\u00ea morresse hoje, quem choraria por voc\u00ea?<br \/>\nFa\u00e7a voc\u00ea tamb\u00e9m a mesma pergunta<\/strong>.<\/p>\n<p class=\"justificado\">Obrigado seu Santo. Miss\u00e3o cumprida! Sentiremos saudades! At\u00e9 o reencontro definitivo!<br \/>\nPor hora, \u201c\u00e0queles a quem a dor da saudade entristece, a certeza da ressurrei\u00e7\u00e3o consola\u201d.<\/p>\n<p class=\"justificado\">Fique na paz de Deus!<\/p>\n<p class=\"justificado\"><img loading=\"lazy\" decoding=\"async\" src=\"http:\/\/www.cancaonova.com\/portal\/canais\/eventos\/novoeventos\/fotos\/ac_mariano_maio\/pe_vicente_left.jpg\" alt=\"\" width=\"89\" height=\"109\" \/><\/p>\n<p class=\"justificado\"><strong>Pe.Vicente,scj<br \/>\nComunidade Beth\u00e2nia<\/strong><\/p>\n<\/div>\n<\/div>\n","protected":false},"excerpt":{"rendered":"<p>\u00a0 O que conta mesmo \u00e9 o amor. De qualquer modo, s\u00f3 o amor importa. Feliz daquele que pode morrer tendo ao seu lado algu\u00e9m que o ama a lhe fazer massagem. Ah! O amor e seus milagres. Escrevo um&#8230;<\/p>\n","protected":false},"author":2611,"featured_media":0,"comment_status":"open","ping_status":"open","sticky":false,"template":"","format":"standard","meta":{"_mi_skip_tracking":false,"_monsterinsights_sitenote_active":false,"_monsterinsights_sitenote_note":"","_monsterinsights_sitenote_category":0,"footnotes":""},"categories":[67],"tags":[9061,11721,28843],"_links":{"self":[{"href":"https:\/\/blog.cancaonova.com\/saojosedoscampos\/wp-json\/wp\/v2\/posts\/9985"}],"collection":[{"href":"https:\/\/blog.cancaonova.com\/saojosedoscampos\/wp-json\/wp\/v2\/posts"}],"about":[{"href":"https:\/\/blog.cancaonova.com\/saojosedoscampos\/wp-json\/wp\/v2\/types\/post"}],"author":[{"embeddable":true,"href":"https:\/\/blog.cancaonova.com\/saojosedoscampos\/wp-json\/wp\/v2\/users\/2611"}],"replies":[{"embeddable":true,"href":"https:\/\/blog.cancaonova.com\/saojosedoscampos\/wp-json\/wp\/v2\/comments?post=9985"}],"version-history":[{"count":3,"href":"https:\/\/blog.cancaonova.com\/saojosedoscampos\/wp-json\/wp\/v2\/posts\/9985\/revisions"}],"predecessor-version":[{"id":9989,"href":"https:\/\/blog.cancaonova.com\/saojosedoscampos\/wp-json\/wp\/v2\/posts\/9985\/revisions\/9989"}],"wp:attachment":[{"href":"https:\/\/blog.cancaonova.com\/saojosedoscampos\/wp-json\/wp\/v2\/media?parent=9985"}],"wp:term":[{"taxonomy":"category","embeddable":true,"href":"https:\/\/blog.cancaonova.com\/saojosedoscampos\/wp-json\/wp\/v2\/categories?post=9985"},{"taxonomy":"post_tag","embeddable":true,"href":"https:\/\/blog.cancaonova.com\/saojosedoscampos\/wp-json\/wp\/v2\/tags?post=9985"}],"curies":[{"name":"wp","href":"https:\/\/api.w.org\/{rel}","templated":true}]}}