{"id":12462,"date":"2012-06-27T14:50:47","date_gmt":"2012-06-27T17:50:47","guid":{"rendered":"http:\/\/blog.cancaonova.com\/saopaulo\/?p=12462"},"modified":"2012-06-27T14:50:47","modified_gmt":"2012-06-27T17:50:47","slug":"radio-america-na-expocatolica-2012","status":"publish","type":"post","link":"https:\/\/blog.cancaonova.com\/saopaulo\/radio-america-na-expocatolica-2012\/","title":{"rendered":"R\u00e1dio Am\u00e9rica na Expocat\u00f3lica 2012!"},"content":{"rendered":"<p style=\"text-align: left\"><a href=\"http:\/\/blog.cancaonova.com\/saopaulo\/files\/2012\/06\/Blog-R\u00e1dio-Am\u00e9rica-Expocat\u00f3lica1.jpg\"><img loading=\"lazy\" decoding=\"async\" class=\"aligncenter size-full wp-image-12464\" src=\"http:\/\/blog.cancaonova.com\/saopaulo\/files\/2012\/06\/Blog-R\u00e1dio-Am\u00e9rica-Expocat\u00f3lica1.jpg\" alt=\"\" width=\"273\" height=\"600\" srcset=\"https:\/\/blog.cancaonova.com\/saopaulo\/files\/2012\/06\/Blog-R\u00e1dio-Am\u00e9rica-Expocat\u00f3lica1.jpg 273w, https:\/\/blog.cancaonova.com\/saopaulo\/files\/2012\/06\/Blog-R\u00e1dio-Am\u00e9rica-Expocat\u00f3lica1-136x300.jpg 136w\" sizes=\"(max-width: 273px) 100vw, 273px\" \/><\/a><br \/>\nA <strong><a href=\"http:\/\/america.cancaonova.com\">R\u00e1dio Am\u00e9rica<\/a> <\/strong>AM 1410 de S\u00e3o Paulo (SP) estar\u00e1 presente \u00a0na <a href=\"http:\/\/www.expocatolica.com.br\/\">Expocat\u00f3lica 2012<\/a> e faz um convite para voc\u00ea!<\/p>\n<p><strong>Tome Nota!<br \/>\n<\/strong><\/p>\n<p><strong>R\u00e1dio Am\u00e9rica na Expocat\u00f3lica 2012!<br \/>\n<\/strong><\/p>\n<p><strong>Data:<\/strong><\/p>\n<p style=\"text-align: left\">5 a 8 de julho de 2012<\/p>\n<p><strong>Local:<\/strong><\/p>\n<p>Centro de Exposi\u00e7\u00f5es e Conven\u00e7\u00f5es ExpoCenter Norte<br \/>\nR. Jos\u00e9 Bernardo Pinto, 333 \u2013 Vila Guilherme \u2013 S\u00e3o Paulo,SP<\/p>\n<p><strong>Programa\u00e7\u00e3o da R\u00e1dio Am\u00e9rica:<\/strong><\/p>\n<p>Pockets Shows<br \/>\nEntrevistas<br \/>\nProgramas e transmi\u00e7\u00f5es ao vivo<br \/>\nBrindes e Sorteios especiais<br \/>\nParticipa\u00e7\u00f5es e interatividade<\/p>\n<p><strong>Saiba mais sobre a Expocat\u00f3lica 2012:<\/strong> <a href=\"http:\/\/www.expocatolica.com.br\/\">www.expocatolica.com.br<\/a><br \/>\nOu\u00e7a ao vivo a R\u00e1dio Am\u00e9rica: <a href=\"http:\/\/america.cancaonova.com\">america.cancaonova.com<\/a><strong><\/strong><\/p>\n<p><strong>Informa\u00e7\u00f5es: <\/strong><\/p>\n<p>Comercial: (11) 2039-1039<br \/>\nOuvinte: (11) 2939-1410<\/p>\n<p><strong>E-mail:<\/strong> <a href=\"mailto:america@cancaonova.com\">america@cancaonova.com<\/a><\/p>\n","protected":false},"excerpt":{"rendered":"<p>A R\u00e1dio Am\u00e9rica AM 1410 de S\u00e3o Paulo (SP) estar\u00e1 presente \u00a0na Expocat\u00f3lica 2012 e faz um convite para voc\u00ea! Tome Nota! R\u00e1dio Am\u00e9rica na Expocat\u00f3lica 2012! Data: 5 a 8 de julho de 2012 Local: Centro de Exposi\u00e7\u00f5es e&#8230;<\/p>\n","protected":false},"author":43,"featured_media":0,"comment_status":"open","ping_status":"closed","sticky":false,"template":"","format":"standard","meta":{"_mi_skip_tracking":false,"_monsterinsights_sitenote_active":false,"_monsterinsights_sitenote_note":"","_monsterinsights_sitenote_category":0,"footnotes":""},"categories":[5841,19,15731,47,4861,6661],"tags":[],"_links":{"self":[{"href":"https:\/\/blog.cancaonova.com\/saopaulo\/wp-json\/wp\/v2\/posts\/12462"}],"collection":[{"href":"https:\/\/blog.cancaonova.com\/saopaulo\/wp-json\/wp\/v2\/posts"}],"about":[{"href":"https:\/\/blog.cancaonova.com\/saopaulo\/wp-json\/wp\/v2\/types\/post"}],"author":[{"embeddable":true,"href":"https:\/\/blog.cancaonova.com\/saopaulo\/wp-json\/wp\/v2\/users\/43"}],"replies":[{"embeddable":true,"href":"https:\/\/blog.cancaonova.com\/saopaulo\/wp-json\/wp\/v2\/comments?post=12462"}],"version-history":[{"count":2,"href":"https:\/\/blog.cancaonova.com\/saopaulo\/wp-json\/wp\/v2\/posts\/12462\/revisions"}],"predecessor-version":[{"id":12466,"href":"https:\/\/blog.cancaonova.com\/saopaulo\/wp-json\/wp\/v2\/posts\/12462\/revisions\/12466"}],"wp:attachment":[{"href":"https:\/\/blog.cancaonova.com\/saopaulo\/wp-json\/wp\/v2\/media?parent=12462"}],"wp:term":[{"taxonomy":"category","embeddable":true,"href":"https:\/\/blog.cancaonova.com\/saopaulo\/wp-json\/wp\/v2\/categories?post=12462"},{"taxonomy":"post_tag","embeddable":true,"href":"https:\/\/blog.cancaonova.com\/saopaulo\/wp-json\/wp\/v2\/tags?post=12462"}],"curies":[{"name":"wp","href":"https:\/\/api.w.org\/{rel}","templated":true}]}}