{"id":12555,"date":"2012-10-02T13:36:42","date_gmt":"2012-10-02T16:36:42","guid":{"rendered":"http:\/\/blog.cancaonova.com\/saopaulo\/?p=12555"},"modified":"2012-10-03T09:01:02","modified_gmt":"2012-10-03T12:01:02","slug":"exposicao-temporaria-no-museu-de-arte-sacra-de-sao-paulo","status":"publish","type":"post","link":"https:\/\/blog.cancaonova.com\/saopaulo\/exposicao-temporaria-no-museu-de-arte-sacra-de-sao-paulo\/","title":{"rendered":"Exposi\u00e7\u00e3o Tempor\u00e1ria no Museu de Arte Sacra de S\u00e3o Paulo"},"content":{"rendered":"<p style=\"text-align: center\">\n<p style=\"text-align: center\"><a href=\"http:\/\/blog.cancaonova.com\/saopaulo\/files\/2012\/10\/BLOG-exposi\u00e7\u00e3o-capa.jpg\"><img loading=\"lazy\" decoding=\"async\" class=\"size-full wp-image-12556 aligncenter\" src=\"http:\/\/blog.cancaonova.com\/saopaulo\/files\/2012\/10\/BLOG-exposi\u00e7\u00e3o-capa.jpg\" alt=\"\" width=\"500\" height=\"500\" srcset=\"https:\/\/blog.cancaonova.com\/saopaulo\/files\/2012\/10\/BLOG-exposi\u00e7\u00e3o-capa.jpg 500w, https:\/\/blog.cancaonova.com\/saopaulo\/files\/2012\/10\/BLOG-exposi\u00e7\u00e3o-capa-150x150.jpg 150w, https:\/\/blog.cancaonova.com\/saopaulo\/files\/2012\/10\/BLOG-exposi\u00e7\u00e3o-capa-300x300.jpg 300w\" sizes=\"(max-width: 500px) 100vw, 500px\" \/><\/a><\/p>\n<p><strong>Exposi\u00e7\u00e3o multim\u00eddia interage com arquitetura colonial do Museu de Arte Sacra a partir de amanha<\/strong><\/p>\n<p>Com concep\u00e7\u00e3o de Camilo Cassoli e produ\u00e7\u00e3o executiva de Rafael Alberto, secret\u00e1rio de Comunica\u00e7\u00e3o da Arquidiocese de S\u00e3o Paulo, come\u00e7a amanha, 3, no Museu de Arte Sacra de S\u00e3o Paulo, a exposi\u00e7\u00e3o multim\u00eddia \u201cCenas de um encontro de f\u00e9\u201d, que marca o anivers\u00e1rio de 70 anos do IV Congresso Eucar\u00edstico Nacional, que aconteceu em S\u00e3o Paulo em setembro de 1942.<\/p>\n<p>Realizado em plena Segunda Guerra Mundial, o IV Congresso reuniu mais de 500 mil pessoas no Vale do Anhangaba\u00fa, mobilizando todo o Estado de S\u00e3o Paulo, diversas cidades do Brasil e algumas do mundo. Dom Jos\u00e9 Gaspar d\u2019Afonseca e Silva, arcebispo de S\u00e3o Paulo \u00e0 \u00e9poca, enfrentou muita resist\u00eancia \u00e0 realiza\u00e7\u00e3o do evento, mas manteve-o inclusive como testemunho de paz e comunh\u00e3o a um mundo em guerra. Ao final do Congresso, recebeu de Get\u00falio Vargas um telegrama parabenizando-o pelo \u00eaxito do evento.<\/p>\n<p>Na exposi\u00e7\u00e3o, documentos e objetos confeccionados especialmente para o IV Congresso s\u00e3o expostos. Est\u00e3o neste conjunto guias, lembran\u00e7as e telegramas que fazem parte do acervo do Arquivo da C\u00faria Metropolitana. Uma naveta (incens\u00e1rio) e um sino de altar do Congresso, que atualmente s\u00e3o usadas em missas solenes na Catedral da S\u00e9, tamb\u00e9m estar\u00e3o expostos, al\u00e9m da r\u00e9plica da imagem de Nossa Senhora Aparecida que participou das celebra\u00e7\u00f5es em 1942.<\/p>\n<p>Destaque da exposi\u00e7\u00e3o, duas proje\u00e7\u00f5es mapeadas ajudam a recontar a hist\u00f3ria do IV Congresso. Na primeira, o filme ir\u00e1 interagir com as paredes de taipa de pil\u00e3o de mais de 200 anos do Museu de Arte Sacra, constru\u00eddo por frei Galv\u00e3o em 1774. As janelas e portas se alternam com as paredes, servindo, todas, como tela da proje\u00e7\u00e3o.<\/p>\n<p>O segundo filme \u00e9 projetado na c\u00e1tedra (cadeira do bispo) que foi desenhada por Benedito Calixto Neto especialmente para o IV Congresso. Usada durante todas as celebra\u00e7\u00f5es do evento em 1942, a c\u00e1tedra permaneceu, depois, na Catedral da S\u00e9, sendo usada, por exemplo, pelos papas Jo\u00e3o Paulo II e Bento XVI em suas visitas ao Brasil. O filme, produzido pela Visual Farm, com dire\u00e7\u00e3o de Camilo Cassoli, brinca com luzes, sombras e cores para mostrar detalhes dos s\u00edmbolos entalhados na c\u00e1tedra.<\/p>\n<p><strong>Servi\u00e7o<\/strong><\/p>\n<p><strong>Cenas de um encontro de f\u00e9 \u2013 70 anos do IV Congresso Eucar\u00edstico Nacional<\/strong><\/p>\n<p>Museu de Arte Sacra de S\u00e3o Paulo (avenida Tiradentes, 667 \u2013 estacionamento gratuito na rua Jorge Miranda)<\/p>\n<p>Coquetel de abertura para imprensa e convidados: quarta-feira, 3 de outubro de 2012, \u00e0s 19h30 (com presen\u00e7a confirmada do Cardeal Dom Odilo Scherer, arcebispo de S\u00e3o Paulo)<\/p>\n<p>Visita\u00e7\u00e3o para o p\u00fablico: de 4\/10\/2012 a 4\/11\/2012, de ter\u00e7a a domingo (inclusive feriados), das 10h \u00e0s 18h<\/p>\n","protected":false},"excerpt":{"rendered":"<p>Exposi\u00e7\u00e3o multim\u00eddia interage com arquitetura colonial do Museu de Arte Sacra a partir de amanha Com concep\u00e7\u00e3o de Camilo Cassoli e produ\u00e7\u00e3o executiva de Rafael Alberto, secret\u00e1rio de Comunica\u00e7\u00e3o da Arquidiocese de S\u00e3o Paulo, come\u00e7a amanha, 3, no Museu de&#8230;<\/p>\n","protected":false},"author":43,"featured_media":0,"comment_status":"open","ping_status":"closed","sticky":false,"template":"","format":"standard","meta":{"_mi_skip_tracking":false,"_monsterinsights_sitenote_active":false,"_monsterinsights_sitenote_note":"","_monsterinsights_sitenote_category":0,"footnotes":""},"categories":[521,5841,19,2431,3,32,47],"tags":[],"_links":{"self":[{"href":"https:\/\/blog.cancaonova.com\/saopaulo\/wp-json\/wp\/v2\/posts\/12555"}],"collection":[{"href":"https:\/\/blog.cancaonova.com\/saopaulo\/wp-json\/wp\/v2\/posts"}],"about":[{"href":"https:\/\/blog.cancaonova.com\/saopaulo\/wp-json\/wp\/v2\/types\/post"}],"author":[{"embeddable":true,"href":"https:\/\/blog.cancaonova.com\/saopaulo\/wp-json\/wp\/v2\/users\/43"}],"replies":[{"embeddable":true,"href":"https:\/\/blog.cancaonova.com\/saopaulo\/wp-json\/wp\/v2\/comments?post=12555"}],"version-history":[{"count":2,"href":"https:\/\/blog.cancaonova.com\/saopaulo\/wp-json\/wp\/v2\/posts\/12555\/revisions"}],"predecessor-version":[{"id":12559,"href":"https:\/\/blog.cancaonova.com\/saopaulo\/wp-json\/wp\/v2\/posts\/12555\/revisions\/12559"}],"wp:attachment":[{"href":"https:\/\/blog.cancaonova.com\/saopaulo\/wp-json\/wp\/v2\/media?parent=12555"}],"wp:term":[{"taxonomy":"category","embeddable":true,"href":"https:\/\/blog.cancaonova.com\/saopaulo\/wp-json\/wp\/v2\/categories?post=12555"},{"taxonomy":"post_tag","embeddable":true,"href":"https:\/\/blog.cancaonova.com\/saopaulo\/wp-json\/wp\/v2\/tags?post=12555"}],"curies":[{"name":"wp","href":"https:\/\/api.w.org\/{rel}","templated":true}]}}