{"id":12829,"date":"2013-08-20T11:04:24","date_gmt":"2013-08-20T14:04:24","guid":{"rendered":"http:\/\/blog.cancaonova.com\/saopaulo\/?p=12829"},"modified":"2013-08-20T11:04:24","modified_gmt":"2013-08-20T14:04:24","slug":"ministerio-amor-e-adoracao-parabeniza-a-cancao-nova-pelos-20-anos-de-missao-em-sao-paulo","status":"publish","type":"post","link":"https:\/\/blog.cancaonova.com\/saopaulo\/ministerio-amor-e-adoracao-parabeniza-a-cancao-nova-pelos-20-anos-de-missao-em-sao-paulo\/","title":{"rendered":"Minist\u00e9rio Amor e Adora\u00e7\u00e3o parabeniza a Can\u00e7\u00e3o Nova pelos 20 anos de miss\u00e3o em S\u00e3o Paulo"},"content":{"rendered":"<p><object classid=\"d27cdb6e-ae6d-11cf-96b8-444553540000\" width=\"420\" height=\"315\"><param name=\"allowFullScreen\" value=\"true\" \/><param name=\"allowscriptaccess\" value=\"always\" \/><param name=\"src\" value=\"\/\/www.youtube.com\/v\/p-JM4knhtsg?hl=pt_BR&amp;version=3\" \/><param name=\"allowfullscreen\" value=\"true\" \/><embed type=\"application\/x-shockwave-flash\" width=\"420\" height=\"315\" src=\"\/\/www.youtube.com\/v\/p-JM4knhtsg?hl=pt_BR&amp;version=3\" allowscriptaccess=\"always\" allowfullscreen=\"true\"><\/embed><\/object><\/p>\n<p style=\"text-align: justify\">\n<p style=\"text-align: justify\">O <strong>Minist\u00e9rio Amor e Adora\u00e7\u00e3o<\/strong> parabeniza a Can\u00e7\u00e3o Nova pelos 20 anos de evangeliza\u00e7\u00e3o na capital paulista. A Can\u00e7\u00e3o Nova vai comemorar o seu anivers\u00e1rio na cidade de S\u00e3o Paulo nos dias 21 e 22 de setembro de 2013, com v\u00e1rios convidados especiais, entre eles, <strong>Pe. Reginaldo Manzotti<\/strong> e o grupo sertanejo<strong> Rinaldo e Samuel<\/strong>. Ser\u00e1 no Gin\u00e1sio do Col\u00e9gio Santa Teresinha, em Santana. R. Dr. Henrique Mour\u00e3o, 201. Os ingressos custam R$ 10,00, e podem ser adquiridos na Loja Can\u00e7\u00e3o Nova &#8211; R. S\u00e3o Bento, 43, Centro &#8211; ou na Casa de Evangeliza\u00e7\u00e3o &#8211; R. Tamandar\u00e9, 355 &#8211; Liberdade. Informa\u00e7\u00f5es: (11) 3382-9800 ou <a href=\"mailto:eventossp@cancaonova.com\">eventossp@cancaonova.com<\/a>.<\/p>\n","protected":false},"excerpt":{"rendered":"<p>O Minist\u00e9rio Amor e Adora\u00e7\u00e3o parabeniza a Can\u00e7\u00e3o Nova pelos 20 anos de evangeliza\u00e7\u00e3o na capital paulista. A Can\u00e7\u00e3o Nova vai comemorar o seu anivers\u00e1rio na cidade de S\u00e3o Paulo nos dias 21 e 22 de setembro de 2013, com&#8230;<\/p>\n","protected":false},"author":43,"featured_media":0,"comment_status":"open","ping_status":"closed","sticky":false,"template":"","format":"standard","meta":{"_mi_skip_tracking":false,"_monsterinsights_sitenote_active":false,"_monsterinsights_sitenote_note":"","_monsterinsights_sitenote_category":0,"footnotes":""},"categories":[38024,114,19,15731,3,47,4861],"tags":[],"_links":{"self":[{"href":"https:\/\/blog.cancaonova.com\/saopaulo\/wp-json\/wp\/v2\/posts\/12829"}],"collection":[{"href":"https:\/\/blog.cancaonova.com\/saopaulo\/wp-json\/wp\/v2\/posts"}],"about":[{"href":"https:\/\/blog.cancaonova.com\/saopaulo\/wp-json\/wp\/v2\/types\/post"}],"author":[{"embeddable":true,"href":"https:\/\/blog.cancaonova.com\/saopaulo\/wp-json\/wp\/v2\/users\/43"}],"replies":[{"embeddable":true,"href":"https:\/\/blog.cancaonova.com\/saopaulo\/wp-json\/wp\/v2\/comments?post=12829"}],"version-history":[{"count":2,"href":"https:\/\/blog.cancaonova.com\/saopaulo\/wp-json\/wp\/v2\/posts\/12829\/revisions"}],"predecessor-version":[{"id":12831,"href":"https:\/\/blog.cancaonova.com\/saopaulo\/wp-json\/wp\/v2\/posts\/12829\/revisions\/12831"}],"wp:attachment":[{"href":"https:\/\/blog.cancaonova.com\/saopaulo\/wp-json\/wp\/v2\/media?parent=12829"}],"wp:term":[{"taxonomy":"category","embeddable":true,"href":"https:\/\/blog.cancaonova.com\/saopaulo\/wp-json\/wp\/v2\/categories?post=12829"},{"taxonomy":"post_tag","embeddable":true,"href":"https:\/\/blog.cancaonova.com\/saopaulo\/wp-json\/wp\/v2\/tags?post=12829"}],"curies":[{"name":"wp","href":"https:\/\/api.w.org\/{rel}","templated":true}]}}