{"id":12832,"date":"2013-08-20T15:08:08","date_gmt":"2013-08-20T18:08:08","guid":{"rendered":"http:\/\/blog.cancaonova.com\/saopaulo\/?p=12832"},"modified":"2013-08-20T15:08:08","modified_gmt":"2013-08-20T18:08:08","slug":"tv-cancao-nova-comemora-o-aniversario-da-missao-com-programacao-ao-vivo","status":"publish","type":"post","link":"https:\/\/blog.cancaonova.com\/saopaulo\/tv-cancao-nova-comemora-o-aniversario-da-missao-com-programacao-ao-vivo\/","title":{"rendered":"TV Can\u00e7\u00e3o Nova comemora o anivers\u00e1rio da miss\u00e3o com programa\u00e7\u00e3o ao vivo"},"content":{"rendered":"<p style=\"text-align: center\"><a href=\"http:\/\/blog.cancaonova.com\/saopaulo\/files\/2013\/08\/BLOG-DIA-ORACIONAL.jpg\"><img loading=\"lazy\" decoding=\"async\" class=\"size-full wp-image-12833 aligncenter\" src=\"http:\/\/blog.cancaonova.com\/saopaulo\/files\/2013\/08\/BLOG-DIA-ORACIONAL.jpg\" alt=\"\" width=\"600\" height=\"847\" \/><\/a><\/p>\n<p style=\"text-align: justify\">A TV Can\u00e7\u00e3o Nova comemora os 20 anos de presen\u00e7a evangelizadora da Can\u00e7\u00e3o Nova em S\u00e3o Paulo com um dia todo de programa\u00e7\u00e3o atrativa, participativa e oracional. Ser\u00e1 dia 11 de setembro de 2013, com programas ao vivo para todo o Brasil, transmitido diretamente do Santu\u00e1rio Nossa Senhora da Salette, em Santana, S\u00e3o Paulo. O evento inicia com &#8220;O Amor Vencer\u00e1&#8221;, tradicional programa que ser\u00e1 apresentado pela Salette Ferreira, \u00e0s 11h00, e transmitido em todo o Sistema Can\u00e7\u00e3o Nova de Comunica\u00e7\u00e3o. Ap\u00f3s o programa haver\u00e1 momento de aut\u00f3grafos. \u00c0s 15h00 haver\u00e1 o Ter\u00e7o da Miseric\u00f3rdia e, em seguida, a Santa Missa. O Ter\u00e7o mariano ser\u00e1 rezado e meditado \u00e0s 18h00.<\/p>\n<p style=\"text-align: justify\">O dia de ora\u00e7\u00e3o pelos 20 anos da miss\u00e3o de S\u00e3o Paulo acontecer\u00e1 durante a programa\u00e7\u00e3o da Festa de Nossa Senhora da Salette, na R. Dr. Zuquim, 1746, Santana, e contar\u00e1 com presen\u00e7as tamb\u00e9m de Pe. Adriano Zandon\u00e1 e Pe. Paulinho (mission\u00e1rios da Comunidade Can\u00e7\u00e3o Nova), Salette Ferreira, Roberta (apresentadora da TV Can\u00e7\u00e3o Nova) e Minist\u00e9rio de M\u00fasica Can\u00e7\u00e3o Nova. O evento conta tamb\u00e9m com a presen\u00e7a da Loja Can\u00e7\u00e3o Nova e produtos de evangeliza\u00e7\u00e3o, Clube da Evangeliza\u00e7\u00e3o e Bazar Can\u00e7\u00e3o Nova.<\/p>\n<p><strong>Tome Nota!<\/strong><br \/>\nDia Oracional em comemora\u00e7\u00e3o pelos 20 anos da Can\u00e7\u00e3o Nova em S\u00e3o Paulo<\/p>\n<p><strong>Data: <\/strong><\/p>\n<p>11 de setembro de 2013<\/p>\n<p><strong>Programa\u00e7\u00e3o:<\/strong><\/p>\n<p>11h00 \u2013 Programa O Amor Vencer\u00e1<br \/>\n(Com Salette Ferreira, Pe Adriano Zandon\u00e1 e Orlando Junior)<br \/>\n12h00 \u2013 Momento de aut\u00f3grafos (Salette Ferreira e Pe Adriano Zandon\u00e1)<br \/>\n14h00 \u2013 Momento de aut\u00f3grafos (Equipe Ter\u00e7o da Miseric\u00f3rdia)<br \/>\n15h00 \u2013 Programa Ter\u00e7o da Miseric\u00f3rdia<br \/>\n15:30h \u2013 Santa Missa<br \/>\n17h00 \u2013 Momento de aut\u00f3grafos (Equipe Ter\u00e7o Mariano)<br \/>\n18h00 \u2013 Programa Ter\u00e7o Mariano<\/p>\n<p><strong>Presen\u00e7as:<\/strong><\/p>\n<p>Pe. Adriano Zandon\u00e1<br \/>\nPe. Paulinho<br \/>\nSalette Ferreira<br \/>\nRoberta<br \/>\nMinist\u00e9rio de M\u00fasica Can\u00e7\u00e3o Nova<\/p>\n<p><strong>Local:<\/strong><\/p>\n<p>Santu\u00e1rio Nossa Senhora da Salette<br \/>\nR. Dr. Zuquim, 1746, Santana, S\u00e3o Paulo\/SP<\/p>\n<p><strong>Informa\u00e7\u00f5es:<\/strong><br \/>\n(11) 3382-9800 ou tvdirecaosp@cancaonova.com<\/p>\n","protected":false},"excerpt":{"rendered":"<p>A TV Can\u00e7\u00e3o Nova comemora os 20 anos de presen\u00e7a evangelizadora da Can\u00e7\u00e3o Nova em S\u00e3o Paulo com um dia todo de programa\u00e7\u00e3o atrativa, participativa e oracional. Ser\u00e1 dia 11 de setembro de 2013, com programas ao vivo para todo&#8230;<\/p>\n","protected":false},"author":43,"featured_media":0,"comment_status":"open","ping_status":"closed","sticky":false,"template":"","format":"standard","meta":{"_mi_skip_tracking":false,"_monsterinsights_sitenote_active":false,"_monsterinsights_sitenote_note":"","_monsterinsights_sitenote_category":0,"footnotes":""},"categories":[38024,16673,114,5841,19,15731,3,34798,47,4861,3691],"tags":[],"_links":{"self":[{"href":"https:\/\/blog.cancaonova.com\/saopaulo\/wp-json\/wp\/v2\/posts\/12832"}],"collection":[{"href":"https:\/\/blog.cancaonova.com\/saopaulo\/wp-json\/wp\/v2\/posts"}],"about":[{"href":"https:\/\/blog.cancaonova.com\/saopaulo\/wp-json\/wp\/v2\/types\/post"}],"author":[{"embeddable":true,"href":"https:\/\/blog.cancaonova.com\/saopaulo\/wp-json\/wp\/v2\/users\/43"}],"replies":[{"embeddable":true,"href":"https:\/\/blog.cancaonova.com\/saopaulo\/wp-json\/wp\/v2\/comments?post=12832"}],"version-history":[{"count":2,"href":"https:\/\/blog.cancaonova.com\/saopaulo\/wp-json\/wp\/v2\/posts\/12832\/revisions"}],"predecessor-version":[{"id":12835,"href":"https:\/\/blog.cancaonova.com\/saopaulo\/wp-json\/wp\/v2\/posts\/12832\/revisions\/12835"}],"wp:attachment":[{"href":"https:\/\/blog.cancaonova.com\/saopaulo\/wp-json\/wp\/v2\/media?parent=12832"}],"wp:term":[{"taxonomy":"category","embeddable":true,"href":"https:\/\/blog.cancaonova.com\/saopaulo\/wp-json\/wp\/v2\/categories?post=12832"},{"taxonomy":"post_tag","embeddable":true,"href":"https:\/\/blog.cancaonova.com\/saopaulo\/wp-json\/wp\/v2\/tags?post=12832"}],"curies":[{"name":"wp","href":"https:\/\/api.w.org\/{rel}","templated":true}]}}