{"id":12843,"date":"2013-09-06T09:50:05","date_gmt":"2013-09-06T12:50:05","guid":{"rendered":"http:\/\/blog.cancaonova.com\/saopaulo\/?p=12843"},"modified":"2013-09-06T10:04:36","modified_gmt":"2013-09-06T13:04:36","slug":"20-anos-comunicando-jesus-em-sao-paulo","status":"publish","type":"post","link":"https:\/\/blog.cancaonova.com\/saopaulo\/20-anos-comunicando-jesus-em-sao-paulo\/","title":{"rendered":"20 Anos Comunicando Jesus em S\u00e3o Paulo"},"content":{"rendered":"<p><em><strong><a href=\"http:\/\/blog.cancaonova.com\/saopaulo\/files\/2013\/09\/Blog-cartaz.jpg\"><img loading=\"lazy\" decoding=\"async\" class=\"alignleft size-full wp-image-12848\" src=\"http:\/\/blog.cancaonova.com\/saopaulo\/files\/2013\/09\/Blog-cartaz.jpg\" alt=\"\" width=\"700\" height=\"990\" srcset=\"https:\/\/blog.cancaonova.com\/saopaulo\/files\/2013\/09\/Blog-cartaz.jpg 700w, https:\/\/blog.cancaonova.com\/saopaulo\/files\/2013\/09\/Blog-cartaz-212x300.jpg 212w\" sizes=\"(max-width: 700px) 100vw, 700px\" \/><\/a>Can\u00e7\u00e3o Nova realiza evento em comemora\u00e7\u00e3o dos 20 anos de evangeliza\u00e7\u00e3o na capital paulista<\/strong><\/em><\/p>\n<p>Chegou o momento de celebrar os 20 anos da Comunidade Can\u00e7\u00e3o Nova na cidade de S\u00e3o Paulo! S\u00e3o 20 anos de evangeliza\u00e7\u00e3o e de frutos na vida de milh\u00f5es de pessoas que foram resgatadas pela a\u00e7\u00e3o de Deus nesta grande metr\u00f3pole.<\/p>\n<p style=\"text-align: justify\">O evento que marca esta data especial ser\u00e1 nos dias 21 e 22 de setembro de 2013, no Gin\u00e1sio do Col\u00e9gio Santa Teresinha, em Santana, S\u00e3o Paulo (SP). A programa\u00e7\u00e3o conta com Shows no dia 21 de setembro (s\u00e1bado), a partir das 19h00, com presen\u00e7a dos cantores cat\u00f3licos Rinaldo e Samuel, Nando Mendes e Minist\u00e9rio de M\u00fasica Can\u00e7\u00e3o Nova. No dia 22 de setembro, domingo, haver\u00e1 o grande Kair\u00f3s, dia de louvor e tempo da manifesta\u00e7\u00e3o da gra\u00e7a de Deus, a partir das 08h00, com presen\u00e7a do Pe. Reginaldo Manzotti, Pe. Adriano Zandon\u00e1, padres da Arquidiocese de S\u00e3o Paulo e da Can\u00e7\u00e3o Nova que fizeram parte da hist\u00f3ria da miss\u00e3o nestes 20 anos, e toda a Comunidade Can\u00e7\u00e3o Nova de S\u00e3o Paulo.<\/p>\n<p style=\"text-align: justify\">O evento tem vagas limitadas e disponibiliza ingressos por apenas 10 reais, que podem ser adquiridos nos seguintes endere\u00e7os:<\/p>\n<p><strong> Loja Can\u00e7\u00e3o Nova<\/strong><br \/>\nR. S\u00e3o Bento, 43 \u2013 Centro \u2013 S\u00e3o Paulo\/SP<br \/>\nCasa de Evangeliza\u00e7\u00e3o Can\u00e7\u00e3o Nova<br \/>\nR. Tamandar\u00e9, 355 \u2013 Liberdade \u2013 S\u00e3o Paulo\/SP<\/p>\n<p>* Estar\u00e3o sendo vendidos ingressos no local do evento<\/p>\n<p><strong>Tome Nota!<\/strong><\/p>\n<p>20 anos comunicando Jesus em S\u00e3o Paulo<\/p>\n<p>Evento Comemorativo<\/p>\n<p><strong>Data:<\/strong><\/p>\n<p>21 e 22 de setembro de 2013<\/p>\n<p><strong>Hor\u00e1rio:<\/strong><\/p>\n<p>Dia 21: Shows a partir das 19h00<br \/>\nDia 22: Kair\u00f3s a partir das 08h00. Encerramento com Missa \u00e0s 17h00.<\/p>\n<p><strong>Presen\u00e7as:<\/strong><\/p>\n<p>Rinaldo e Samuel<br \/>\nNando Mendes<br \/>\nPe. Adriano Zandon\u00e1<br \/>\nPe. Reginaldo Manzotti<br \/>\nPadres que fizeram parte da hist\u00f3ria dos 20 anos da miss\u00e3o Can\u00e7\u00e3o Nova de S\u00e3o Paulo<\/p>\n<p>Local:<\/p>\n<p>Gin\u00e1sio do Col\u00e9gio Santa Teresinha<br \/>\nR. Dr. Henrique Mour\u00e3o, 201, Bairro Santa Terezinha, Santana \u2013 S\u00e3o Paulo\/SP<br \/>\nIngressos (Vagas Limitadas): R$ 10,00<\/p>\n<p><strong>Adquira nos endere\u00e7os:<\/strong><\/p>\n<p><strong>Loja Can\u00e7\u00e3o Nova<\/strong><br \/>\nR. S\u00e3o Bento, 43 \u2013 Centro \u2013 S\u00e3o Paulo\/SP<\/p>\n<p><strong>Casa de Evangeliza\u00e7\u00e3o Can\u00e7\u00e3o Nova<\/strong><br \/>\nR. Tamandar\u00e9, 355 \u2013 Liberdade \u2013 S\u00e3o Paulo\/SP<\/p>\n<p>* Estar\u00e3o sendo vendidos ingressos no local do evento<\/p>\n<p><strong>Como chegar:<\/strong><\/p>\n<p style=\"text-align: justify\">Acesse um dos sites abaixo e trace uma rota da sua rua para a R. Dr. Henrique Mour\u00e3o, 201, Bairro Santa Teresinha \u2013 Santana, e veja a maneira mais f\u00e1cil de chegar ao local do evento.<\/p>\n<p>.: <a href=\"http:\/\/www.apontador.com\">www.apontador.com<\/a><br \/>\n.: <a href=\"http:\/\/www.guiamais.com.br\">www.guiamais.com.br<\/a><\/p>\n<p style=\"text-align: center\"><strong>Informa\u00e7\u00f5es:<\/strong> (011) 3382-9800 ou <a href=\"mailto:eventossp@cancaonova.com\">eventossp@cancaonova.com<\/a><\/p>\n<p><a href=\"mailto:eventossp@cancaonova.com\"> <\/a><\/p>\n<p><a href=\"mailto:eventossp@cancaonova.com\"><\/a><a href=\"http:\/\/blog.cancaonova.com\/saopaulo\/files\/2013\/09\/DSC_02841.jpg\"><img loading=\"lazy\" decoding=\"async\" class=\"size-full wp-image-12845 aligncenter\" src=\"http:\/\/blog.cancaonova.com\/saopaulo\/files\/2013\/09\/DSC_02841.jpg\" alt=\"\" width=\"600\" height=\"403\" \/><\/a><\/p>\n<p><strong>COMO ADQUIRIR OS INGRESSOS<\/strong><\/p>\n<p style=\"text-align: justify\">A <strong>Loja Can\u00e7\u00e3o Nova <\/strong>disponibiliza ingressos para quem deseja participar do evento. Basta ir at\u00e9 a Loja na R. S\u00e3o Bento, 43 &#8211; Centro (pr\u00f3ximo ao Largo S\u00e3o Francisco, metr\u00f4 S\u00e9 ou S\u00e3o Bento).<\/p>\n<p style=\"text-align: justify\">A <strong>Casa de Evangeliza\u00e7\u00e3o<\/strong> tamb\u00e9m disponibiliza ingressos durante o per\u00edodo de expediente (08h00 \u00e0s 18h00), na R. Tamandar\u00e9, 355 &#8211; Liberdade (metr\u00f4 S\u00e3o Joaquim ou Linha 4114-10 Vila Gumercindo).<\/p>\n<p style=\"text-align: justify\"><strong>Para quem mora no <strong>litoral ou em outras cidades da regi\u00e3o metropolitana de S\u00e3o Paulo<\/strong> e deseja adquirir os ingressos, basta ligar para o telefone da <strong>Casa de Evangeliza\u00e7\u00e3o<\/strong> e solicitar o envio dos ingressos ou se informar sobre algum posto de distribui\u00e7\u00e3o mais pr\u00f3ximo: (11) 3382-9800.<br \/>\n<\/strong><\/p>\n","protected":false},"excerpt":{"rendered":"<p>Can\u00e7\u00e3o Nova realiza evento em comemora\u00e7\u00e3o dos 20 anos de evangeliza\u00e7\u00e3o na capital paulista Chegou o momento de celebrar os 20 anos da Comunidade Can\u00e7\u00e3o Nova na cidade de S\u00e3o Paulo! S\u00e3o 20 anos de evangeliza\u00e7\u00e3o e de frutos na&#8230;<\/p>\n","protected":false},"author":43,"featured_media":0,"comment_status":"open","ping_status":"closed","sticky":false,"template":"","format":"standard","meta":{"_mi_skip_tracking":false,"_monsterinsights_sitenote_active":false,"_monsterinsights_sitenote_note":"","_monsterinsights_sitenote_category":0,"footnotes":""},"categories":[38024,5841,19,2431,15731,3,47,4861],"tags":[],"_links":{"self":[{"href":"https:\/\/blog.cancaonova.com\/saopaulo\/wp-json\/wp\/v2\/posts\/12843"}],"collection":[{"href":"https:\/\/blog.cancaonova.com\/saopaulo\/wp-json\/wp\/v2\/posts"}],"about":[{"href":"https:\/\/blog.cancaonova.com\/saopaulo\/wp-json\/wp\/v2\/types\/post"}],"author":[{"embeddable":true,"href":"https:\/\/blog.cancaonova.com\/saopaulo\/wp-json\/wp\/v2\/users\/43"}],"replies":[{"embeddable":true,"href":"https:\/\/blog.cancaonova.com\/saopaulo\/wp-json\/wp\/v2\/comments?post=12843"}],"version-history":[{"count":3,"href":"https:\/\/blog.cancaonova.com\/saopaulo\/wp-json\/wp\/v2\/posts\/12843\/revisions"}],"predecessor-version":[{"id":12847,"href":"https:\/\/blog.cancaonova.com\/saopaulo\/wp-json\/wp\/v2\/posts\/12843\/revisions\/12847"}],"wp:attachment":[{"href":"https:\/\/blog.cancaonova.com\/saopaulo\/wp-json\/wp\/v2\/media?parent=12843"}],"wp:term":[{"taxonomy":"category","embeddable":true,"href":"https:\/\/blog.cancaonova.com\/saopaulo\/wp-json\/wp\/v2\/categories?post=12843"},{"taxonomy":"post_tag","embeddable":true,"href":"https:\/\/blog.cancaonova.com\/saopaulo\/wp-json\/wp\/v2\/tags?post=12843"}],"curies":[{"name":"wp","href":"https:\/\/api.w.org\/{rel}","templated":true}]}}