{"id":12934,"date":"2014-01-10T07:23:55","date_gmt":"2014-01-10T10:23:55","guid":{"rendered":"http:\/\/blog.cancaonova.com\/saopaulo\/?p=12934"},"modified":"2014-01-10T07:24:48","modified_gmt":"2014-01-10T10:24:48","slug":"cancao-nova-realiza-a-primeira-vigilia-de-2014","status":"publish","type":"post","link":"https:\/\/blog.cancaonova.com\/saopaulo\/cancao-nova-realiza-a-primeira-vigilia-de-2014\/","title":{"rendered":"Can\u00e7\u00e3o Nova realiza a primeira Vig\u00edlia de 2014"},"content":{"rendered":"<p><strong><a href=\"http:\/\/blog.cancaonova.com\/saopaulo\/files\/2013\/12\/E-MAIL-Vig\u00edlia-Can\u00e7\u00e3o-Nova_11-01.jpg\"><img loading=\"lazy\" decoding=\"async\" class=\"alignleft size-full wp-image-12935\" alt=\"E-MAIL Vig\u00edlia Can\u00e7\u00e3o Nova_11 01\" src=\"http:\/\/blog.cancaonova.com\/saopaulo\/files\/2013\/12\/E-MAIL-Vig\u00edlia-Can\u00e7\u00e3o-Nova_11-01.jpg\" width=\"800\" height=\"1129\" srcset=\"https:\/\/blog.cancaonova.com\/saopaulo\/files\/2013\/12\/E-MAIL-Vig\u00edlia-Can\u00e7\u00e3o-Nova_11-01.jpg 800w, https:\/\/blog.cancaonova.com\/saopaulo\/files\/2013\/12\/E-MAIL-Vig\u00edlia-Can\u00e7\u00e3o-Nova_11-01-212x300.jpg 212w, https:\/\/blog.cancaonova.com\/saopaulo\/files\/2013\/12\/E-MAIL-Vig\u00edlia-Can\u00e7\u00e3o-Nova_11-01-725x1024.jpg 725w\" sizes=\"(max-width: 800px) 100vw, 800px\" \/><\/a><\/strong><\/p>\n<p>&nbsp;<\/p>\n<p>A Vig\u00edlia Can\u00e7\u00e3o Nova abre o calend\u00e1rio de eventos cat\u00f3licos da Comunidade Can\u00e7\u00e3o Nova em S\u00e3o Paulo no ano de 2014 com o tema: \u201cPois tu \u00e9s a minha esperan\u00e7a, \u00f3 Soberano Senhor, em ti est\u00e1 a minha confian\u00e7a desde a juventude&#8221;, extra\u00eddo do Salmo 71, vers\u00edculo 5. A madrugada de ora\u00e7\u00e3o ser\u00e1 no dia 11 de janeiro, \u00e0s 22h00, na Bas\u00edlica Nossa Senhora da Penha, em S\u00e3o Paulo\/SP, e reunir\u00e1 milhares de pessoas para o in\u00edcio de um ano cheio de gra\u00e7as na presen\u00e7a do Senhor, em louvor, s\u00faplica e adora\u00e7\u00e3o. A primeira Vig\u00edlia de 2014 contar\u00e1 com a presen\u00e7a de Pe. Paulinho, Pe. Serginho e Minist\u00e9rio de M\u00fasica Can\u00e7\u00e3o Nova, e com uma programa\u00e7\u00e3o repleta de momentos de ora\u00e7\u00e3o, Missas, confiss\u00f5es, adora\u00e7\u00e3o ao Sant\u00edssimo Sacramento, louvor e anima\u00e7\u00e3o.<\/p>\n<p>A Vig\u00edlia Can\u00e7\u00e3o Nova \u00e9 uma oportunidade para oferecer a Deus o ano novo que se inicia.Vale a pena viver esta experi\u00eancia. Leve a sua fam\u00edlia, o seu grupo de ora\u00e7\u00e3o e a sua comunidade. A Can\u00e7\u00e3o Nova preparou esta noite de intercess\u00e3o especialmente para voc\u00ea e para aqueles que acreditam na for\u00e7a da ora\u00e7\u00e3o e do clamor. Basta estar na presen\u00e7a de Jesus para Ele realizar verdadeiros milagres em nossas vidas!<\/p>\n<p><strong>Tome Nota!<\/strong><\/p>\n<p><strong>1\u00ba Vig\u00edlia Can\u00e7\u00e3o Nova de 2014 \u2013 <em>\u201cPois tu \u00e9s a minha esperan\u00e7a, \u00f3 Soberano Senhor, em ti est\u00e1 a minha confian\u00e7a desde a juventude&#8221;<\/em> (Sl 71,5)<\/strong><\/p>\n<p><strong>Data:<br \/>\n<\/strong><br \/>\n11 de janeiro de 2014, \u00e0s 22h00<\/p>\n<p><strong>Presen\u00e7as:<br \/>\n<\/strong><br \/>\nPe. Paulinho (Comunidade Can\u00e7\u00e3o Nova)<br \/>\nPe. Serginho (Pe. S\u00e9rgio Roberto &#8211; Diocese de Campo Limpo)<br \/>\nMinist\u00e9rio de M\u00fasica Can\u00e7\u00e3o Nova<\/p>\n<p><strong>Local:<br \/>\n<\/strong><br \/>\nBas\u00edlica Nossa Senhora da Penha<br \/>\nR. Santo Afonso, 199 \u2013 Penha \u2013 S\u00e3o Paulo\/SP<\/p>\n<p><strong>Como chegar:<\/strong><\/p>\n<p>A Bas\u00edlica \u00e9 pr\u00f3xima a esta\u00e7\u00e3o Penha do metr\u00f4<\/p>\n<p><strong>*Levar 1 Kg de alimento n\u00e3o perec\u00edvel<\/strong><\/p>\n<p><strong>Informa\u00e7\u00f5es:<br \/>\n<\/strong><br \/>\n(011) 3382-9800 ou <a href=\"mailto:eventossp@cancaonova.com\">eventossp@cancaonova.com<\/a><\/p>\n","protected":false},"excerpt":{"rendered":"<p>&nbsp; A Vig\u00edlia Can\u00e7\u00e3o Nova abre o calend\u00e1rio de eventos cat\u00f3licos da Comunidade Can\u00e7\u00e3o Nova em S\u00e3o Paulo no ano de 2014 com o tema: \u201cPois tu \u00e9s a minha esperan\u00e7a, \u00f3 Soberano Senhor, em ti est\u00e1 a minha confian\u00e7a&#8230;<\/p>\n","protected":false},"author":43,"featured_media":0,"comment_status":"open","ping_status":"closed","sticky":false,"template":"","format":"standard","meta":{"_mi_skip_tracking":false,"_monsterinsights_sitenote_active":false,"_monsterinsights_sitenote_note":"","_monsterinsights_sitenote_category":0,"footnotes":""},"categories":[5841,19,47,4861,6661,3691,16984],"tags":[],"_links":{"self":[{"href":"https:\/\/blog.cancaonova.com\/saopaulo\/wp-json\/wp\/v2\/posts\/12934"}],"collection":[{"href":"https:\/\/blog.cancaonova.com\/saopaulo\/wp-json\/wp\/v2\/posts"}],"about":[{"href":"https:\/\/blog.cancaonova.com\/saopaulo\/wp-json\/wp\/v2\/types\/post"}],"author":[{"embeddable":true,"href":"https:\/\/blog.cancaonova.com\/saopaulo\/wp-json\/wp\/v2\/users\/43"}],"replies":[{"embeddable":true,"href":"https:\/\/blog.cancaonova.com\/saopaulo\/wp-json\/wp\/v2\/comments?post=12934"}],"version-history":[{"count":3,"href":"https:\/\/blog.cancaonova.com\/saopaulo\/wp-json\/wp\/v2\/posts\/12934\/revisions"}],"predecessor-version":[{"id":12962,"href":"https:\/\/blog.cancaonova.com\/saopaulo\/wp-json\/wp\/v2\/posts\/12934\/revisions\/12962"}],"wp:attachment":[{"href":"https:\/\/blog.cancaonova.com\/saopaulo\/wp-json\/wp\/v2\/media?parent=12934"}],"wp:term":[{"taxonomy":"category","embeddable":true,"href":"https:\/\/blog.cancaonova.com\/saopaulo\/wp-json\/wp\/v2\/categories?post=12934"},{"taxonomy":"post_tag","embeddable":true,"href":"https:\/\/blog.cancaonova.com\/saopaulo\/wp-json\/wp\/v2\/tags?post=12934"}],"curies":[{"name":"wp","href":"https:\/\/api.w.org\/{rel}","templated":true}]}}