{"id":12999,"date":"2014-02-14T10:19:19","date_gmt":"2014-02-14T13:19:19","guid":{"rendered":"http:\/\/blog.cancaonova.com\/saopaulo\/?p=12999"},"modified":"2014-02-24T13:12:03","modified_gmt":"2014-02-24T16:12:03","slug":"corra-para-o-abraco-cancao-nova-abraca-sao-paulo","status":"publish","type":"post","link":"https:\/\/blog.cancaonova.com\/saopaulo\/corra-para-o-abraco-cancao-nova-abraca-sao-paulo\/","title":{"rendered":"Corra para o Abra\u00e7o! Can\u00e7\u00e3o Nova Abra\u00e7a S\u00e3o Paulo"},"content":{"rendered":"<p><a href=\"http:\/\/blog.cancaonova.com\/saopaulo\/files\/2014\/02\/1920143_10200732193546665_1830612379_n.jpg\"><img loading=\"lazy\" decoding=\"async\" class=\"size-full wp-image-13011 aligncenter\" alt=\"1920143_10200732193546665_1830612379_n\" src=\"http:\/\/blog.cancaonova.com\/saopaulo\/files\/2014\/02\/1920143_10200732193546665_1830612379_n.jpg\" width=\"682\" height=\"960\" srcset=\"https:\/\/blog.cancaonova.com\/saopaulo\/files\/2014\/02\/1920143_10200732193546665_1830612379_n.jpg 682w, https:\/\/blog.cancaonova.com\/saopaulo\/files\/2014\/02\/1920143_10200732193546665_1830612379_n-213x300.jpg 213w\" sizes=\"(max-width: 682px) 100vw, 682px\" \/><\/a><\/p>\n<p style=\"text-align: justify\">\n<p style=\"text-align: justify\">Venha participar desse enorme abra\u00e7o com a Can\u00e7\u00e3o Nova! O evento \u201cCan\u00e7\u00e3o Nova Abra\u00e7a\u00a0S\u00e3o Paulo\u201d ser\u00e1 no dia 16 de mar\u00e7o de 2014, no Gin\u00e1sio do Ibirapuera, com os port\u00f5es abertos \u00e0s 07h00 da manh\u00e3 e uma programa\u00e7\u00e3o cheia de muita ora\u00e7\u00e3o, prega\u00e7\u00f5es e derramamento de ben\u00e7\u00e3os e gra\u00e7as do Esp\u00edrito Santo!<\/p>\n<p style=\"text-align: justify\">O \u201cCan\u00e7\u00e3o Nova Abra\u00e7a S\u00e3o Paulo\u201d ser\u00e1 um\u00a0dia inteiro\u00a0de atra\u00e7\u00f5es e presen\u00e7as confirmadas de Pe. Adriano Zandon\u00e1, Pe. Roger Luis, Pe. Serginho, Luzia Santiago e Salette Ferreira.<\/p>\n<p style=\"text-align: justify\">Fa\u00e7a a sua caravana, convide a sua fam\u00edlia e os seus amigos e corra para este abra\u00e7o! N\u00f3s vamos estar de bra\u00e7os abertos para receber voc\u00ea e espalhar a Palavra de Deus. Porque quanto mais gente abra\u00e7a, mais a gente evangeliza.<\/p>\n<p style=\"text-align: justify\">\n<p><strong>Os convites podem ser retirados nos seguintes locais:<\/strong><\/p>\n<p>&nbsp;<\/p>\n<p><strong>Casa de Evangeliza\u00e7\u00e3o Can\u00e7\u00e3o Nova S\u00e3o Paulo<\/strong><br \/>\nR. Tamandar\u00e9, 355, Liberdade, S\u00e3o Paulo\/SP (metr\u00f4 S\u00e3o Joaquim ou Linha 4114-10 Vila Gumercindo)<\/p>\n<p><strong>Loja Can\u00e7\u00e3o Nova<\/strong><br \/>\nR. S\u00e3o Bento, 43, Centro, S\u00e3o Paulo\/SP<\/p>\n<p>Levar 1kg de alimento no ato de retirada do ingresso ou R$ 5,00<\/p>\n<p><strong>Tome Nota!<br \/>\n<\/strong><\/p>\n<p><strong>Can\u00e7\u00e3o Nova Abra\u00e7a S\u00e3o Paulo<\/strong><\/p>\n<p><strong>Data:<\/strong><\/p>\n<p>16 de mar\u00e7o de 2014, das 07h30 \u00e0s 18h00<\/p>\n<p><strong>Local:<\/strong><\/p>\n<p>Gin\u00e1sio do Ibirapuera<\/p>\n<p><strong>Endere\u00e7o:<\/strong><\/p>\n<p>R. Manoel da N\u00f3brega, 1361, Ibirapuera \u2013 S\u00e3o Paulo\/SP<\/p>\n<p><strong>Presen\u00e7as:<\/strong><\/p>\n<p>Pe. Adriano Zandon\u00e1, Pe. Roger Luis, Pe. Serginho, Luzia Santiago e Salette Ferreira<\/p>\n<p><strong>Local de retirada dos ingressos:<\/strong><\/p>\n<p>Casa de Evangeliza\u00e7\u00e3o Can\u00e7\u00e3o Nova S\u00e3o Paulo<br \/>\nR. Tamandar\u00e9, 355, Liberdade, S\u00e3o Paulo\/SP (metr\u00f4 S\u00e3o Joaquim ou Linha 4114-10 Vila Gumercindo)<\/p>\n<p>Loja Can\u00e7\u00e3o Nova<br \/>\nR. S\u00e3o Bento, 43, Centro, S\u00e3o Paulo\/SP<\/p>\n<p>Levar 1kg de alimento no ato de retirada do ingresso ou R$ 5,00<\/p>\n<p><strong>Informa\u00e7\u00f5es:<\/strong><\/p>\n<p>(11) 3382-9800 ou\u00a0<a href=\"mailto:eventossp@cancaonova.com\">eventossp@cancaonova.com<\/a><\/p>\n","protected":false},"excerpt":{"rendered":"<p>Venha participar desse enorme abra\u00e7o com a Can\u00e7\u00e3o Nova! O evento \u201cCan\u00e7\u00e3o Nova Abra\u00e7a\u00a0S\u00e3o Paulo\u201d ser\u00e1 no dia 16 de mar\u00e7o de 2014, no Gin\u00e1sio do Ibirapuera, com os port\u00f5es abertos \u00e0s 07h00 da manh\u00e3 e uma programa\u00e7\u00e3o cheia de&#8230;<\/p>\n","protected":false},"author":43,"featured_media":0,"comment_status":"open","ping_status":"closed","sticky":false,"template":"","format":"standard","meta":{"_mi_skip_tracking":false,"_monsterinsights_sitenote_active":false,"_monsterinsights_sitenote_note":"","_monsterinsights_sitenote_category":0,"footnotes":""},"categories":[16673,114,5841,19,47,4861,6661,3691],"tags":[],"_links":{"self":[{"href":"https:\/\/blog.cancaonova.com\/saopaulo\/wp-json\/wp\/v2\/posts\/12999"}],"collection":[{"href":"https:\/\/blog.cancaonova.com\/saopaulo\/wp-json\/wp\/v2\/posts"}],"about":[{"href":"https:\/\/blog.cancaonova.com\/saopaulo\/wp-json\/wp\/v2\/types\/post"}],"author":[{"embeddable":true,"href":"https:\/\/blog.cancaonova.com\/saopaulo\/wp-json\/wp\/v2\/users\/43"}],"replies":[{"embeddable":true,"href":"https:\/\/blog.cancaonova.com\/saopaulo\/wp-json\/wp\/v2\/comments?post=12999"}],"version-history":[{"count":3,"href":"https:\/\/blog.cancaonova.com\/saopaulo\/wp-json\/wp\/v2\/posts\/12999\/revisions"}],"predecessor-version":[{"id":13012,"href":"https:\/\/blog.cancaonova.com\/saopaulo\/wp-json\/wp\/v2\/posts\/12999\/revisions\/13012"}],"wp:attachment":[{"href":"https:\/\/blog.cancaonova.com\/saopaulo\/wp-json\/wp\/v2\/media?parent=12999"}],"wp:term":[{"taxonomy":"category","embeddable":true,"href":"https:\/\/blog.cancaonova.com\/saopaulo\/wp-json\/wp\/v2\/categories?post=12999"},{"taxonomy":"post_tag","embeddable":true,"href":"https:\/\/blog.cancaonova.com\/saopaulo\/wp-json\/wp\/v2\/tags?post=12999"}],"curies":[{"name":"wp","href":"https:\/\/api.w.org\/{rel}","templated":true}]}}