{"id":13020,"date":"2014-03-24T10:48:31","date_gmt":"2014-03-24T13:48:31","guid":{"rendered":"http:\/\/blog.cancaonova.com\/saopaulo\/?p=13020"},"modified":"2014-03-24T10:48:31","modified_gmt":"2014-03-24T13:48:31","slug":"vigilia-cancao-nova-de-abril-2014","status":"publish","type":"post","link":"https:\/\/blog.cancaonova.com\/saopaulo\/vigilia-cancao-nova-de-abril-2014\/","title":{"rendered":"Vig\u00edlia Can\u00e7\u00e3o Nova de abril \/ 2014"},"content":{"rendered":"<p><em><strong>&#8220;Felizes os que temem o Senhor e andam em seus caminhos&#8221;<\/strong><\/em><\/p>\n<p style=\"text-align: justify\">A Comunidade Can\u00e7\u00e3o Nova realiza no dia 05 de abril de 2014 a Vig\u00edlia Can\u00e7\u00e3o Nova, na Bas\u00edlica Nossa Senhora da Penha, em S\u00e3o Paulo (SP), com transmiss\u00e3o ao vivo pela TV Can\u00e7\u00e3o Nova e R\u00e1dio Am\u00e9rica. Esta \u00e9 a terceira das nove Vig\u00edlias Can\u00e7\u00e3o Nova que ser\u00e3o realizadas no ano de 2014 em s\u00faplica a Deus pelas inten\u00e7\u00f5es de todo o povo reunido em ora\u00e7\u00e3o. O evento ter\u00e1 em sua programa\u00e7\u00e3o Missas de abertura e encerramento, grupo de ora\u00e7\u00e3o, adora\u00e7\u00e3o e ben\u00e7\u00e3o do Sant\u00edssimo Sacramento, confiss\u00f5es e louvor com c\u00e2nticos de anima\u00e7\u00e3o. A programa\u00e7\u00e3o conta com a presen\u00e7a de Pe. Paulinho, Pe. Emerson Pedroso, Minist\u00e9rio de M\u00fasica Can\u00e7\u00e3o Nova e Jake, cantora cat\u00f3lica que estar\u00e1 autografando os seus CD&#8217;s de m\u00fasicas de evangeliza\u00e7\u00e3o.<\/p>\n<p>Com o tema <em><strong>&#8220;Felizes os que temem o Senhor e andam em seus caminhos&#8221;<\/strong><\/em> (Sl 128,1), a Vig\u00edlia quer levar as pessoas a uma experi\u00eancia do poder de Deus que ressuscita em cada um a esperan\u00e7a, a confian\u00e7a e o abandono em Sua obra restauradora, que cura e liberta de todas as pris\u00f5es que nos escravizam nos dias de hoje.<\/p>\n<p><strong>VIG\u00cdLIA CAN\u00c7\u00c3O NOVA &#8211; &#8220;FELIZES OS QUE TEMEM O SENHOR E ANDAM EM SEUS CAMINHOS&#8221;<\/strong><\/p>\n<p><strong>Data:<\/strong><\/p>\n<p><strong><\/strong><br \/>\n05 de abril de 2014, \u00e0s 22h00<\/p>\n<p><strong>Presen\u00e7as confirmadas:<\/strong><\/p>\n<p><strong><\/strong><br \/>\nPe. Paulinho (Comunidade Can\u00e7\u00e3o Nova)<br \/>\nPe. Emerson Pedroso (Diocese de Osasco)<br \/>\nJake (Cantora Cat\u00f3lica)<br \/>\nMinist\u00e9rio de M\u00fasica Can\u00e7\u00e3o Nova<\/p>\n<p><strong>Local:<br \/>\n<\/strong><br \/>\nBas\u00edlica Nossa Senhora da Penha<br \/>\nR. Santo Afonso, 199 \u2013 Penha \u2013 S\u00e3o Paulo\/SP<\/p>\n<p><strong>Como chegar:<br \/>\n<\/strong><br \/>\nA Bas\u00edlica \u00e9 pr\u00f3xima a esta\u00e7\u00e3o Penha do metr\u00f4<\/p>\n<p><strong>Informa\u00e7\u00f5es:<\/strong><\/p>\n<p>(011) 3382-9800 ou <a href=\"mailto:eventossp@cancaonova.com\">eventossp@cancaonova.com<\/a><\/p>\n<p><strong>CONFIRA A PROGRAMA\u00c7\u00c3O:<\/strong><\/p>\n<p>22:00 &#8211; Grupo de Ora\u00e7\u00e3o &#8211; (m\u00fasicas, anima\u00e7\u00e3o e prega\u00e7\u00e3o da Palavra com a cantora cat\u00f3lica Jake)<br \/>\n23:00 &#8211; Missa &#8211; Celebrante: Pe. Paulinho (Comunidade Can\u00e7\u00e3o Nova)<br \/>\n01:10 &#8211; Intervalo e Momento de Aut\u00f3grafos com a cantora cat\u00f3lica Jake<br \/>\n02:00 &#8211; C\u00e2nticos e Ora\u00e7\u00e3o<br \/>\n02:10 &#8211; Ora\u00e7\u00e3o de clamor com Pe. Emerson Pedroso<br \/>\n02:20 &#8211; Adora\u00e7\u00e3o ao Sant\u00edssimo Sacramento com Pe. Paulinho e Pe. Emerson Pedroso.<br \/>\n03:30 &#8211; Intervalo<br \/>\n04:00 &#8211; Missa de encerramento &#8211; Celebrante: Pe. Emerson Pedroso (Diocese de Osasco).<br \/>\n05:30 &#8211; T\u00e9rmino<\/p>\n","protected":false},"excerpt":{"rendered":"<p>&#8220;Felizes os que temem o Senhor e andam em seus caminhos&#8221; A Comunidade Can\u00e7\u00e3o Nova realiza no dia 05 de abril de 2014 a Vig\u00edlia Can\u00e7\u00e3o Nova, na Bas\u00edlica Nossa Senhora da Penha, em S\u00e3o Paulo (SP), com transmiss\u00e3o ao&#8230;<\/p>\n","protected":false},"author":43,"featured_media":0,"comment_status":"open","ping_status":"closed","sticky":false,"template":"","format":"standard","meta":{"_mi_skip_tracking":false,"_monsterinsights_sitenote_active":false,"_monsterinsights_sitenote_note":"","_monsterinsights_sitenote_category":0,"footnotes":""},"categories":[114,5841,19,15731,47,4861,6661],"tags":[],"_links":{"self":[{"href":"https:\/\/blog.cancaonova.com\/saopaulo\/wp-json\/wp\/v2\/posts\/13020"}],"collection":[{"href":"https:\/\/blog.cancaonova.com\/saopaulo\/wp-json\/wp\/v2\/posts"}],"about":[{"href":"https:\/\/blog.cancaonova.com\/saopaulo\/wp-json\/wp\/v2\/types\/post"}],"author":[{"embeddable":true,"href":"https:\/\/blog.cancaonova.com\/saopaulo\/wp-json\/wp\/v2\/users\/43"}],"replies":[{"embeddable":true,"href":"https:\/\/blog.cancaonova.com\/saopaulo\/wp-json\/wp\/v2\/comments?post=13020"}],"version-history":[{"count":1,"href":"https:\/\/blog.cancaonova.com\/saopaulo\/wp-json\/wp\/v2\/posts\/13020\/revisions"}],"predecessor-version":[{"id":13021,"href":"https:\/\/blog.cancaonova.com\/saopaulo\/wp-json\/wp\/v2\/posts\/13020\/revisions\/13021"}],"wp:attachment":[{"href":"https:\/\/blog.cancaonova.com\/saopaulo\/wp-json\/wp\/v2\/media?parent=13020"}],"wp:term":[{"taxonomy":"category","embeddable":true,"href":"https:\/\/blog.cancaonova.com\/saopaulo\/wp-json\/wp\/v2\/categories?post=13020"},{"taxonomy":"post_tag","embeddable":true,"href":"https:\/\/blog.cancaonova.com\/saopaulo\/wp-json\/wp\/v2\/tags?post=13020"}],"curies":[{"name":"wp","href":"https:\/\/api.w.org\/{rel}","templated":true}]}}