{"id":13050,"date":"2014-04-16T09:04:47","date_gmt":"2014-04-16T12:04:47","guid":{"rendered":"http:\/\/blog.cancaonova.com\/saopaulo\/?p=13050"},"modified":"2014-04-16T09:04:47","modified_gmt":"2014-04-16T12:04:47","slug":"cancao-nova-realiza-vigilia-no-mes-de-maio","status":"publish","type":"post","link":"https:\/\/blog.cancaonova.com\/saopaulo\/cancao-nova-realiza-vigilia-no-mes-de-maio\/","title":{"rendered":"Can\u00e7\u00e3o Nova realiza Vig\u00edlia no m\u00eas de maio"},"content":{"rendered":"<p><a href=\"http:\/\/blog.cancaonova.com\/saopaulo\/files\/2014\/04\/Vig\u00edlia-maio_2014.jpg\"><img loading=\"lazy\" decoding=\"async\" class=\"size-full wp-image-13051 aligncenter\" alt=\"Vig\u00edlia maio_2014\" src=\"http:\/\/blog.cancaonova.com\/saopaulo\/files\/2014\/04\/Vig\u00edlia-maio_2014.jpg\" width=\"800\" height=\"1129\" srcset=\"https:\/\/blog.cancaonova.com\/saopaulo\/files\/2014\/04\/Vig\u00edlia-maio_2014.jpg 800w, https:\/\/blog.cancaonova.com\/saopaulo\/files\/2014\/04\/Vig\u00edlia-maio_2014-212x300.jpg 212w, https:\/\/blog.cancaonova.com\/saopaulo\/files\/2014\/04\/Vig\u00edlia-maio_2014-725x1024.jpg 725w\" sizes=\"(max-width: 800px) 100vw, 800px\" \/><\/a><\/p>\n<p><strong>CAN\u00c7\u00c3O NOVA REALIZA VIG\u00cdLIA NO M\u00caS DE MAIO<\/strong><\/p>\n<p style=\"text-align: justify\">A Comunidade Can\u00e7\u00e3o Nova realiza no dia 03 de maio, \u00e0s 22h00, na Bas\u00edlica Nossa Senhora da Penha, em S\u00e3o Paulo (SP), a quinta Vig\u00edlia da Novena do ano de 2014, com o tema:<strong><em> &#8220;O choro pode durar uma noite, mas a alegria vem pela manh\u00e3&#8221; (Sl 30,5).<\/em><\/strong> O evento \u00e9 transmitido ao vivo pela TV Can\u00e7\u00e3o Nova e R\u00e1dio Am\u00e9rica, e inicia com grupo de ora\u00e7\u00e3o, louvor, prega\u00e7\u00e3o, Missa, e na programa\u00e7\u00e3o Adora\u00e7\u00e3o ao Sant\u00edssimo Sacramento, confiss\u00f5es, momentos de clamor e intercess\u00e3o e Missa de encerramento. Nesta edi\u00e7\u00e3o estar\u00e3o presentes o Pe. Adriano Zandon\u00e1, Pe. Paulinho, Pe. Anderson Andrade e Minist\u00e9rio de M\u00fasica Can\u00e7\u00e3o Nova.<\/p>\n<p>A Vig\u00edlia Can\u00e7\u00e3o Nova \u00e9 um momento prop\u00edcio de ora\u00e7\u00e3o e comunh\u00e3o com Deus na presen\u00e7a do Sant\u00edssimo Sacramento. Toda a fam\u00edlia pode participar.<\/p>\n<p><strong>Tome Nota!<\/strong><\/p>\n<p><strong>Data:<\/strong><\/p>\n<p>03 de maio de 2014, \u00e0s 22h00<\/p>\n<p><strong>Presen\u00e7as confirmadas:<\/strong><\/p>\n<p>Pe. Adriano Zandon\u00e1 (Comunidade Can\u00e7\u00e3o Nova)<br \/>\nPe. Paulinho (Comunidade Can\u00e7\u00e3o Nova)<br \/>\nPe. Anderson Andrade (Diocese de Santo Amaro)<br \/>\nMinist\u00e9rio de M\u00fasica Can\u00e7\u00e3o Nova<\/p>\n<p><strong>Local:<\/strong><\/p>\n<p>Bas\u00edlica Nossa Senhora da Penha<br \/>\nR. Santo Afonso, 199 \u2013 Penha \u2013 S\u00e3o Paulo\/SP<\/p>\n<p><strong>Como chegar:<\/strong><\/p>\n<p>A Bas\u00edlica \u00e9 pr\u00f3xima a esta\u00e7\u00e3o Penha do metr\u00f4<\/p>\n<p><strong>Informa\u00e7\u00f5es:<\/strong><\/p>\n<p>(011) 3382-9800 ou <a href=\"mailto:eventossp@cancaonova.com\">eventossp@cancaonova.com<\/a><\/p>\n","protected":false},"excerpt":{"rendered":"<p>CAN\u00c7\u00c3O NOVA REALIZA VIG\u00cdLIA NO M\u00caS DE MAIO A Comunidade Can\u00e7\u00e3o Nova realiza no dia 03 de maio, \u00e0s 22h00, na Bas\u00edlica Nossa Senhora da Penha, em S\u00e3o Paulo (SP), a quinta Vig\u00edlia da Novena do ano de 2014, com&#8230;<\/p>\n","protected":false},"author":43,"featured_media":0,"comment_status":"open","ping_status":"closed","sticky":false,"template":"","format":"standard","meta":{"_mi_skip_tracking":false,"_monsterinsights_sitenote_active":false,"_monsterinsights_sitenote_note":"","_monsterinsights_sitenote_category":0,"footnotes":""},"categories":[5841,19,15731,47,4861,6661,3691],"tags":[],"_links":{"self":[{"href":"https:\/\/blog.cancaonova.com\/saopaulo\/wp-json\/wp\/v2\/posts\/13050"}],"collection":[{"href":"https:\/\/blog.cancaonova.com\/saopaulo\/wp-json\/wp\/v2\/posts"}],"about":[{"href":"https:\/\/blog.cancaonova.com\/saopaulo\/wp-json\/wp\/v2\/types\/post"}],"author":[{"embeddable":true,"href":"https:\/\/blog.cancaonova.com\/saopaulo\/wp-json\/wp\/v2\/users\/43"}],"replies":[{"embeddable":true,"href":"https:\/\/blog.cancaonova.com\/saopaulo\/wp-json\/wp\/v2\/comments?post=13050"}],"version-history":[{"count":1,"href":"https:\/\/blog.cancaonova.com\/saopaulo\/wp-json\/wp\/v2\/posts\/13050\/revisions"}],"predecessor-version":[{"id":13052,"href":"https:\/\/blog.cancaonova.com\/saopaulo\/wp-json\/wp\/v2\/posts\/13050\/revisions\/13052"}],"wp:attachment":[{"href":"https:\/\/blog.cancaonova.com\/saopaulo\/wp-json\/wp\/v2\/media?parent=13050"}],"wp:term":[{"taxonomy":"category","embeddable":true,"href":"https:\/\/blog.cancaonova.com\/saopaulo\/wp-json\/wp\/v2\/categories?post=13050"},{"taxonomy":"post_tag","embeddable":true,"href":"https:\/\/blog.cancaonova.com\/saopaulo\/wp-json\/wp\/v2\/tags?post=13050"}],"curies":[{"name":"wp","href":"https:\/\/api.w.org\/{rel}","templated":true}]}}